{"id":1402,"date":"2025-11-22T08:19:57","date_gmt":"2025-11-22T06:19:57","guid":{"rendered":"https:\/\/warelia.fi\/?p=1402"},"modified":"2025-11-22T08:24:34","modified_gmt":"2025-11-22T06:24:34","slug":"anne-flinkkila-haastattelee-kimmo-lehtimakea-tampere-talossa-lauantaina-29-11-kello-16","status":"publish","type":"post","link":"https:\/\/warelia.fi\/index.php\/2025\/11\/22\/anne-flinkkila-haastattelee-kimmo-lehtimakea-tampere-talossa-lauantaina-29-11-kello-16\/","title":{"rendered":"Anne Flinkkil\u00e4 haastattelee Kimmo Lehtim\u00e4ke\u00e4 Tampere-talossa lauantaina 29.11. kello 16"},"content":{"rendered":"\n<figure class=\"wp-block-image size-large\"><img loading=\"lazy\" width=\"1024\" height=\"576\" src=\"https:\/\/warelia.fi\/wp-content\/uploads\/2025\/11\/Kimmo-Lehtimaki-Taistelijat-Haastattelija_Anne-Flinkkila-Lauantai-1600-Sorsapuistolava-1024x576.jpg\" alt=\"\" class=\"wp-image-1404\" srcset=\"https:\/\/warelia.fi\/wp-content\/uploads\/2025\/11\/Kimmo-Lehtimaki-Taistelijat-Haastattelija_Anne-Flinkkila-Lauantai-1600-Sorsapuistolava-1024x576.jpg 1024w, https:\/\/warelia.fi\/wp-content\/uploads\/2025\/11\/Kimmo-Lehtimaki-Taistelijat-Haastattelija_Anne-Flinkkila-Lauantai-1600-Sorsapuistolava-300x169.jpg 300w, https:\/\/warelia.fi\/wp-content\/uploads\/2025\/11\/Kimmo-Lehtimaki-Taistelijat-Haastattelija_Anne-Flinkkila-Lauantai-1600-Sorsapuistolava-768x432.jpg 768w, https:\/\/warelia.fi\/wp-content\/uploads\/2025\/11\/Kimmo-Lehtimaki-Taistelijat-Haastattelija_Anne-Flinkkila-Lauantai-1600-Sorsapuistolava-1536x864.jpg 1536w, https:\/\/warelia.fi\/wp-content\/uploads\/2025\/11\/Kimmo-Lehtimaki-Taistelijat-Haastattelija_Anne-Flinkkila-Lauantai-1600-Sorsapuistolava.jpg 1920w\" sizes=\"(max-width: 1024px) 100vw, 1024px\" \/><\/figure>\n\n\n\n<p>N\u00e4hd\u00e4\u00e4n viikon p\u00e4\u00e4st\u00e4 Tampereella Tampereen Kirjafestareilla! Pitk\u00e4n linjan toimittaja ja tv-kasvo Anne Flinkkil\u00e4 haastattelee Kimmo Lehtim\u00e4ke\u00e4, jonka uutuusteos &#8221;Taistelijat&#8221; t\u00e4ydent\u00e4\u00e4 ja korjaa ratkaisevasti tietojamme Suomen historiasta. Aika ja paikka: Lauantaina 16.00 Sorsapuistolava (Tampere-talon 1. kerros). Anne Flinkkil\u00e4n kuva: Tarja Virolainen.<\/p>\n\n\n\n<p>Lue lis\u00e4\u00e4 (verkkokaupan tuotesivu):<br>Kimmo Lehtim\u00e4ki: Taistelijat \u2013 Kirjailija Konrad Lehtim\u00e4en ja tuomari Vilho Joutsenlahden kamppailu v\u00e4\u00e4ryytt\u00e4 vastaan (Warelia 2025):<br><a href=\"https:\/\/holvi.com\/shop\/tyrvaanpryki\/product\/726794fbeacedd632a2c05b87ce1ff75\/\">https:\/\/holvi.com\/shop\/tyrvaanpryki\/product\/726794fbeacedd632a2c05b87ce1ff75\/<\/a><\/p>\n\n\n\n<p>Kirjan syntyyn suuresti vaikuttanut Samuli Kallio (kirjan toisen p\u00e4\u00e4henkil\u00f6n Vilho Joutsenlahden lapsenlapsenlapsi) esitteli teosta 16.11.2025 Helsingiss\u00e4 (YouTube-tallenne):<br><a href=\"https:\/\/www.youtube.com\/live\/UWBn8Pl-Knk?si=iqhRWo4fYSnUmExG&amp;t=6154\">https:\/\/www.youtube.com\/live\/UWBn8Pl-Knk?si=iqhRWo4fYSnUmExG&amp;t=6154<\/a><\/p>\n\n\n\n<p>Englanniksi: <a href=\"https:\/\/warelia.fi\/index.php\/2025\/08\/30\/kimmo-lehtimakis-book-fighters-author-konrad-lehtimaki-and-judge-vilho-joutsenlahtis-fight-against-injustice-will-be-published-on-september-6-2025\/\">https:\/\/warelia.fi\/index.php\/2025\/08\/30\/kimmo-lehtimakis-book-fighters-author-konrad-lehtimaki-and-judge-vilho-joutsenlahtis-fight-against-injustice-will-be-published-on-september-6-2025\/<\/a><\/p>\n\n\n\n<p>Arvosteluissa viisi t\u00e4hte\u00e4:<\/p>\n\n\n\n<p><a href=\"https:\/\/kulttuuritoimitus.fi\/kritiikit\/kritiikit-kirjallisuus\/kirja-kay-perusteelliseen-taisteluun-valkoisen-suomen-valhetta-vastaan-arviossa-kimmo-lehtimaen-taistelijat\/\">https:\/\/kulttuuritoimitus.fi\/kritiikit\/kritiikit-kirjallisuus\/kirja-kay-perusteelliseen-taisteluun-valkoisen-suomen-valhetta-vastaan-arviossa-kimmo-lehtimaen-taistelijat\/<\/a><\/p>\n\n\n\n<p><a href=\"https:\/\/www.digivallila.com\/l\/historian-vaaralla-puolella\/\">https:\/\/www.digivallila.com\/l\/historian-vaaralla-puolella\/<\/a><\/p>\n\n\n\n<p>Tampereen Kirjafestarit: <a href=\"https:\/\/kirjafestarit.fi\/\">Etusivu &#8211; Tampereen Kirjafestarit 2025<\/a><\/p>\n\n\n\n<figure class=\"wp-block-image size-large\"><img loading=\"lazy\" width=\"1000\" height=\"700\" src=\"https:\/\/warelia.fi\/wp-content\/uploads\/2025\/11\/TKF-logo-sininen_2025.png\" alt=\"\" class=\"wp-image-1408\" srcset=\"https:\/\/warelia.fi\/wp-content\/uploads\/2025\/11\/TKF-logo-sininen_2025.png 1000w, https:\/\/warelia.fi\/wp-content\/uploads\/2025\/11\/TKF-logo-sininen_2025-300x210.png 300w, https:\/\/warelia.fi\/wp-content\/uploads\/2025\/11\/TKF-logo-sininen_2025-768x538.png 768w\" sizes=\"(max-width: 1000px) 100vw, 1000px\" \/><\/figure>\n","protected":false},"excerpt":{"rendered":"<p>N\u00e4hd\u00e4\u00e4n viikon p\u00e4\u00e4st\u00e4 Tampereella Tampereen Kirjafestareilla! Pitk\u00e4n linjan toimittaja ja tv-kasvo Anne Flinkkil\u00e4 haastattelee Kimmo Lehtim\u00e4ke\u00e4, jonka uutuusteos &#8221;Taistelijat&#8221; t\u00e4ydent\u00e4\u00e4 ja korjaa ratkaisevasti tietojamme Suomen historiasta. Aika ja paikka: Lauantaina 16.00 Sorsapuistolava (Tampere-talon 1. kerros). Anne Flinkkil\u00e4n kuva: Tarja Virolainen. Lue lis\u00e4\u00e4 (verkkokaupan tuotesivu):Kimmo Lehtim\u00e4ki: Taistelijat \u2013 Kirjailija Konrad Lehtim\u00e4en&#8230;<\/p>\n","protected":false},"author":1,"featured_media":0,"comment_status":"open","ping_status":"open","sticky":false,"template":"","format":"standard","meta":[],"categories":[1],"tags":[],"_links":{"self":[{"href":"https:\/\/warelia.fi\/index.php\/wp-json\/wp\/v2\/posts\/1402"}],"collection":[{"href":"https:\/\/warelia.fi\/index.php\/wp-json\/wp\/v2\/posts"}],"about":[{"href":"https:\/\/warelia.fi\/index.php\/wp-json\/wp\/v2\/types\/post"}],"author":[{"embeddable":true,"href":"https:\/\/warelia.fi\/index.php\/wp-json\/wp\/v2\/users\/1"}],"replies":[{"embeddable":true,"href":"https:\/\/warelia.fi\/index.php\/wp-json\/wp\/v2\/comments?post=1402"}],"version-history":[{"count":5,"href":"https:\/\/warelia.fi\/index.php\/wp-json\/wp\/v2\/posts\/1402\/revisions"}],"predecessor-version":[{"id":1409,"href":"https:\/\/warelia.fi\/index.php\/wp-json\/wp\/v2\/posts\/1402\/revisions\/1409"}],"wp:attachment":[{"href":"https:\/\/warelia.fi\/index.php\/wp-json\/wp\/v2\/media?parent=1402"}],"wp:term":[{"taxonomy":"category","embeddable":true,"href":"https:\/\/warelia.fi\/index.php\/wp-json\/wp\/v2\/categories?post=1402"},{"taxonomy":"post_tag","embeddable":true,"href":"https:\/\/warelia.fi\/index.php\/wp-json\/wp\/v2\/tags?post=1402"}],"curies":[{"name":"wp","href":"https:\/\/api.w.org\/{rel}","templated":true}]}}