{"id":1454,"date":"2026-02-02T18:10:27","date_gmt":"2026-02-02T16:10:27","guid":{"rendered":"https:\/\/warelia.fi\/?p=1454"},"modified":"2026-02-02T18:10:28","modified_gmt":"2026-02-02T16:10:28","slug":"kesatoihin-kirjankustantamoon-2","status":"publish","type":"post","link":"https:\/\/warelia.fi\/index.php\/2026\/02\/02\/kesatoihin-kirjankustantamoon-2\/","title":{"rendered":"Kes\u00e4t\u00f6ihin kirjankustantamoon?"},"content":{"rendered":"\n<figure class=\"wp-block-image size-large\"><img loading=\"lazy\" width=\"892\" height=\"486\" src=\"https:\/\/warelia.fi\/wp-content\/uploads\/2026\/02\/621603333_1684822832812250_540875235266229447_n.jpg\" alt=\"\" class=\"wp-image-1455\" srcset=\"https:\/\/warelia.fi\/wp-content\/uploads\/2026\/02\/621603333_1684822832812250_540875235266229447_n.jpg 892w, https:\/\/warelia.fi\/wp-content\/uploads\/2026\/02\/621603333_1684822832812250_540875235266229447_n-300x163.jpg 300w, https:\/\/warelia.fi\/wp-content\/uploads\/2026\/02\/621603333_1684822832812250_540875235266229447_n-768x418.jpg 768w\" sizes=\"(max-width: 892px) 100vw, 892px\" \/><\/figure>\n\n\n\n<p>Hyv\u00e4\u00e4 kes\u00e4nodotusta kirjanyst\u00e4v\u00e4! WARELIA ETSII KES\u00c4TY\u00d6NTEKIJ\u00d6IT\u00c4 osaksi kes\u00e4\u00e4 v\u00e4lille 25.6.-31.7. yhteens\u00e4 10-15 p\u00e4iv\u00e4n tai enint\u00e4\u00e4n 20 p\u00e4iv\u00e4n ajaksi. L\u00c4HET\u00c4 HAKEMUKSESI HETI tai viimeist\u00e4\u00e4n sunnuntaina 8.2.2026!<\/p>\n\n\n\n<p>Jos vastaat seuraaviin kysymyksiin kyll\u00e4, t\u00e4m\u00e4 kes\u00e4ty\u00f6 voi sopia juuri sinulle:<\/p>\n\n\n\n<p>Asutko Sastamalassa tai kohtuullisen matkan p\u00e4\u00e4ss\u00e4 Sastamalasta? My\u00f6s junat l\u00e4hiseuduilta kulkevat hyvin: Tampere, Nokia, Kokem\u00e4ki, Harjavalta, Pori. Kes\u00e4ty\u00f6t\u00e4 tehd\u00e4\u00e4n Sastamalassa: Warelian kes\u00e4kirjakaupassa Sastamalan Kirjakorttelissa sek\u00e4 Sastamalan kes\u00e4isiss\u00e4 kirjallisuustapahtumissa ja niiden j\u00e4rjestelyiss\u00e4 ymp\u00e4ri Sastamalan keskusta-aluetta.<\/p>\n\n\n\n<p>Haluaisitko tehd\u00e4 ensi kes\u00e4n\u00e4 kirjoihin liittyv\u00e4\u00e4 kes\u00e4ty\u00f6t\u00e4 loppuviikkoisin ja pit\u00e4\u00e4 kes\u00e4ty\u00f6p\u00e4ivien v\u00e4lill\u00e4 my\u00f6s vapaata?<\/p>\n\n\n\n<p>Haluaisitko osallistua kes\u00e4kuussa Vanhan kirjallisuuden p\u00e4ivien (26.-27.6.) ja elokuussa Kirjakorttelin Y\u00f6n (7.-8.8.) j\u00e4rjestelyihin ja myyd\u00e4 tapahtumissa kirjoja ja haastatella kirjailijoita Kirjailijalavalla. (Perjantaina 8.8. ty\u00f6t alkavat vasta noin kello 16 ja jatkuvat my\u00f6h\u00e4iseen iltaan.)<\/p>\n\n\n\n<p>Haluaisitko palvella hein\u00e4kuussa asiakkaita kustantamon pieness\u00e4 kes\u00e4kirjakaupassa ja jutella kirjoista? Haluaisitko tehd\u00e4 hiljaisina hetkin\u00e4 kaikenlaista muutakin? Kes\u00e4ty\u00f6h\u00f6n kuuluu my\u00f6s videoiden kuvaamista ja somep\u00e4ivitysten tekoa, hyllyjen j\u00e4rjestely\u00e4 ja kirjojen pakkaamista ja postittamista.<\/p>\n\n\n\n<p>Haluaisitko lukea ty\u00f6ajalla? Jos sinulla on hyv\u00e4 kielitaju ja hyv\u00e4 kirjallisuuden tai historian tuntemus, kes\u00e4ty\u00f6h\u00f6n voi kuulua my\u00f6s viel\u00e4 julkaisemattomien kirjojen k\u00e4sikirjoitusten tai taittovedosten (osittaista) lukemista ja kommentointia oman lukukokemuksen pohjalta.<\/p>\n\n\n\n<p>Ja t\u00e4rke\u00e4 kysymys: haluatko tehd\u00e4 ensi kes\u00e4n\u00e4 paljon muutakin kuin t\u00e4t\u00e4 kes\u00e4ty\u00f6t\u00e4? Kes\u00e4ty\u00f6 Wareliassa alkaa vasta juhannuksen j\u00e4lkeen. Ty\u00f6p\u00e4ivi\u00e4 on siis tarjolla vain 10-15 tai enint\u00e4\u00e4n 20 ja kaikki kes\u00e4ty\u00f6p\u00e4iv\u00e4t sijoittuvat loppuviikkoihin.<\/p>\n\n\n\n<p>Etsimme t\u00e4ll\u00e4kin kerralla kahta kes\u00e4ty\u00f6ntekij\u00e4\u00e4.<\/p>\n\n\n\n<p>Ty\u00f6p\u00e4iv\u00e4t alkavat juhannuksen j\u00e4lkeen torstaina 25.6., ja niit\u00e4 on hein\u00e4kuun loppuun asti kummallakin kes\u00e4ty\u00f6ntekij\u00e4ll\u00e4 v\u00e4hint\u00e4\u00e4n 10 mutta enint\u00e4\u00e4n 20. Ty\u00f6viikkojen v\u00e4liss\u00e4 voi olla yksitt\u00e4inen kokonainen vapaaviikko. Ty\u00f6p\u00e4iv\u00e4t painottuvat loppuviikkoihin: ty\u00f6p\u00e4ivi\u00e4 on vain torstaisin, perjantaisin ja lauantaisin. Ty\u00f6p\u00e4ivien pituus on 6-8 tuntia. Ty\u00f6p\u00e4iv\u00e4t alkavat yleens\u00e4 kello 10 ja p\u00e4\u00e4ttyv\u00e4t kello 16. Kirjallisuustapahtumien yhteydess\u00e4 p\u00e4iv\u00e4t voivat olla pitempi\u00e4 ja jatkua iltaan asti.<\/p>\n\n\n\n<p>Ty\u00f6vuorolista tehd\u00e4\u00e4n hyviss\u00e4 ajoin ennen kes\u00e4ty\u00f6n alkua, joten muillekin kes\u00e4suunnitelmille j\u00e4\u00e4 hyvin tilaa.<\/p>\n\n\n\n<p>Molemmat kes\u00e4ty\u00f6ntekij\u00e4t haastattelevat kirjailijoita Kirjailijalavalla kes\u00e4kuun lopussa Vanhan kirjallisuuden p\u00e4ivill\u00e4.<\/p>\n\n\n\n<p>Voit katsoa n\u00e4ytteit\u00e4 aiempien kes\u00e4ty\u00f6ntekij\u00f6iden ty\u00f6n sis\u00e4ll\u00f6st\u00e4 Wareliaani-lehdist\u00e4:<br>&#8211; vuosi 2025: <a href=\"https:\/\/issuu.com\/warelia\/docs\/wareliaani_2025-2026\">https:\/\/issuu.com\/warelia\/docs\/wareliaani_2025-2026<\/a><br>&#8211; vuosi 2023: <a href=\"https:\/\/issuu.com\/warelia\/docs\/wareliaani_2023-2024\">https:\/\/issuu.com\/warelia\/docs\/wareliaani_2023-2024<\/a><br>&#8211; vuosi 2021: <a href=\"https:\/\/issuu.com\/warelia\/docs\/wareliaani_2021\/56\">https:\/\/issuu.com\/warelia\/docs\/wareliaani_2021\/56<\/a><\/p>\n\n\n\n<p>Lis\u00e4tietoja Wareliasta ja Warelian kirjoista saat my\u00f6s Warelian verkkosivuilta <a href=\"https:\/\/warelia.fi\">https:\/\/warelia.fi<\/a> .<\/p>\n\n\n\n<p>Jos t\u00e4llainen kes\u00e4ty\u00f6paikka Wareliassa tuntuu mieluiselta, l\u00e4het\u00e4 vapaamuotoinen kes\u00e4ty\u00f6hakemuksesi s\u00e4hk\u00f6postitse 8.2.2026 menness\u00e4 osoitteeseen w@warelia.fi. Otsikoi viestisi n\u00e4in: Kes\u00e4ty\u00f6hakemukseni Wareliaan 2026<\/p>\n\n\n\n<p>Kerro hakemuksessasi aikaisemmasta ty\u00f6kokemuksestasi ja my\u00f6s opintosuorituksistasi. Harrastuksetkin ovat kiinnostavia, varsinkin jos sinulla ei viel\u00e4 ole varsinaista aiempaa ty\u00f6kokemusta. Jokin aikaisempi kokemus myyntity\u00f6st\u00e4 ja\/tai asiakaspalveluty\u00f6st\u00e4 tai tapahtumien j\u00e4rjestelyist\u00e4 on eduksi muttei pakollinen. Sosiaalisen median monipuolisesta tuntemuksesta, valokuvaus- ja videokuvaustaidoista ja videoiden editointitaidoista on paljon apua.<br>Ik\u00e4\u00e4 sinulla olisi mielell\u00e4\u00e4n v\u00e4hint\u00e4\u00e4n 17 vuotta. Yl\u00e4ik\u00e4rajaa ei ole. Kaikki aiemmat kes\u00e4ty\u00f6ntekij\u00e4mme ovat olleet opiskelijoita (lukiolaisia tai yliopisto-opiskelijoita).<\/p>\n\n\n\n<p>Ty\u00f6haastatteluita pidet\u00e4\u00e4n helmikuun j\u00e4lkipuolella Sastamalassa ja tarvittaessa my\u00f6s Teamsissa.<\/p>\n\n\n\n<p>Mahdolliset tiedustelut s\u00e4hk\u00f6postitse osoitteeseen w@warelia.fi.<\/p>\n\n\n\n<p>Marko\/Warelia<br>Warelia Kustannus Oy<\/p>\n\n\n\n<p>PS: Yl\u00e4kuvassa kes\u00e4ty\u00f6ntekij\u00e4 Samuel Aalto haastattelee kirjailija Jarmo Teinil\u00e4\u00e4 kes\u00e4ll\u00e4 2025 Vanhan kirjallisuuden p\u00e4ivien Kirjailijalavalla Vexve-areenan pihalle pystytetyss\u00e4 kirjateltassa. Wareliaani-lehdest\u00e4 2025-2026 voit lukea Samuel Aallon kes\u00e4ty\u00f6n\u00e4\u00e4n kirjoittaman kirjoituksen Teinil\u00e4n kirjasta sek\u00e4 toisen kes\u00e4ty\u00f6ntekij\u00e4n, yliopistossa opiskelevan Santeri Skofeltin somep\u00e4iv\u00e4kirjan ty\u00f6matkasta Pyht\u00e4\u00e4ll\u00e4 kes\u00e4ll\u00e4 2025 j\u00e4rjestettyyn kirjallisuustapahtumaan: <a href=\"https:\/\/issuu.com\/warelia\/docs\/wareliaani_2025-2026\/78\">https:\/\/issuu.com\/warelia\/docs\/wareliaani_2025-2026\/78<\/a><\/p>\n\n\n\n<p>PS2: Alakuvassa kes\u00e4ty\u00f6ntekij\u00e4mme Peppi Salonen ja Maria Rautanen haastattelevat Jenni Haukiota kes\u00e4ll\u00e4 2023 Vanhan kirjallisuuden p\u00e4ivill\u00e4. Haastattelu ker\u00e4si Vanhan kirjallisuuden p\u00e4ivien kaikkien aikojen suurimman yleis\u00f6n. (Kuva: Riikka Riutta.)<\/p>\n\n\n\n<figure class=\"wp-block-image size-large\"><img loading=\"lazy\" width=\"1024\" height=\"708\" src=\"https:\/\/warelia.fi\/wp-content\/uploads\/2026\/02\/619696066_1684821012812432_3680880651817727802_n-1024x708.jpg\" alt=\"\" class=\"wp-image-1456\" srcset=\"https:\/\/warelia.fi\/wp-content\/uploads\/2026\/02\/619696066_1684821012812432_3680880651817727802_n-1024x708.jpg 1024w, https:\/\/warelia.fi\/wp-content\/uploads\/2026\/02\/619696066_1684821012812432_3680880651817727802_n-300x208.jpg 300w, https:\/\/warelia.fi\/wp-content\/uploads\/2026\/02\/619696066_1684821012812432_3680880651817727802_n-768x531.jpg 768w, https:\/\/warelia.fi\/wp-content\/uploads\/2026\/02\/619696066_1684821012812432_3680880651817727802_n.jpg 1113w\" sizes=\"(max-width: 1024px) 100vw, 1024px\" \/><\/figure>\n","protected":false},"excerpt":{"rendered":"<p>Hyv\u00e4\u00e4 kes\u00e4nodotusta kirjanyst\u00e4v\u00e4! WARELIA ETSII KES\u00c4TY\u00d6NTEKIJ\u00d6IT\u00c4 osaksi kes\u00e4\u00e4 v\u00e4lille 25.6.-31.7. yhteens\u00e4 10-15 p\u00e4iv\u00e4n tai enint\u00e4\u00e4n 20 p\u00e4iv\u00e4n ajaksi. L\u00c4HET\u00c4 HAKEMUKSESI HETI tai viimeist\u00e4\u00e4n sunnuntaina 8.2.2026! Jos vastaat seuraaviin kysymyksiin kyll\u00e4, t\u00e4m\u00e4 kes\u00e4ty\u00f6 voi sopia juuri sinulle: Asutko Sastamalassa tai kohtuullisen matkan p\u00e4\u00e4ss\u00e4 Sastamalasta? My\u00f6s junat l\u00e4hiseuduilta kulkevat hyvin: Tampere, Nokia,&#8230;<\/p>\n","protected":false},"author":1,"featured_media":0,"comment_status":"open","ping_status":"open","sticky":false,"template":"","format":"standard","meta":[],"categories":[1],"tags":[],"_links":{"self":[{"href":"https:\/\/warelia.fi\/index.php\/wp-json\/wp\/v2\/posts\/1454"}],"collection":[{"href":"https:\/\/warelia.fi\/index.php\/wp-json\/wp\/v2\/posts"}],"about":[{"href":"https:\/\/warelia.fi\/index.php\/wp-json\/wp\/v2\/types\/post"}],"author":[{"embeddable":true,"href":"https:\/\/warelia.fi\/index.php\/wp-json\/wp\/v2\/users\/1"}],"replies":[{"embeddable":true,"href":"https:\/\/warelia.fi\/index.php\/wp-json\/wp\/v2\/comments?post=1454"}],"version-history":[{"count":1,"href":"https:\/\/warelia.fi\/index.php\/wp-json\/wp\/v2\/posts\/1454\/revisions"}],"predecessor-version":[{"id":1457,"href":"https:\/\/warelia.fi\/index.php\/wp-json\/wp\/v2\/posts\/1454\/revisions\/1457"}],"wp:attachment":[{"href":"https:\/\/warelia.fi\/index.php\/wp-json\/wp\/v2\/media?parent=1454"}],"wp:term":[{"taxonomy":"category","embeddable":true,"href":"https:\/\/warelia.fi\/index.php\/wp-json\/wp\/v2\/categories?post=1454"},{"taxonomy":"post_tag","embeddable":true,"href":"https:\/\/warelia.fi\/index.php\/wp-json\/wp\/v2\/tags?post=1454"}],"curies":[{"name":"wp","href":"https:\/\/api.w.org\/{rel}","templated":true}]}}