{"id":172,"date":"2021-01-13T15:05:21","date_gmt":"2021-01-13T13:05:21","guid":{"rendered":"https:\/\/warelia.fi\/?p=172"},"modified":"2021-01-15T06:30:32","modified_gmt":"2021-01-15T04:30:32","slug":"tilaa-raimo-seppalan-kolmen-sotilaan-tarina","status":"publish","type":"post","link":"https:\/\/warelia.fi\/index.php\/2021\/01\/13\/tilaa-raimo-seppalan-kolmen-sotilaan-tarina\/","title":{"rendered":"Warelian vuoden 2021 ensimm\u00e4inen kirja on professori Raimo Sepp\u00e4l\u00e4n henkil\u00f6kohtaisesti t\u00e4rkein kirja"},"content":{"rendered":"\n<div class=\"wp-block-columns\">\n<div class=\"wp-block-column\">\n<figure class=\"wp-block-image size-large\"><img loading=\"lazy\" width=\"909\" height=\"1024\" src=\"https:\/\/warelia.fi\/wp-content\/uploads\/2021\/01\/Raimo-Seppala-talvi-2020-2021-kuvaaja-Jari-Seppala-909x1024.jpeg\" alt=\"\" class=\"wp-image-117\" srcset=\"https:\/\/warelia.fi\/wp-content\/uploads\/2021\/01\/Raimo-Seppala-talvi-2020-2021-kuvaaja-Jari-Seppala-909x1024.jpeg 909w, https:\/\/warelia.fi\/wp-content\/uploads\/2021\/01\/Raimo-Seppala-talvi-2020-2021-kuvaaja-Jari-Seppala-266x300.jpeg 266w, https:\/\/warelia.fi\/wp-content\/uploads\/2021\/01\/Raimo-Seppala-talvi-2020-2021-kuvaaja-Jari-Seppala-768x865.jpeg 768w, https:\/\/warelia.fi\/wp-content\/uploads\/2021\/01\/Raimo-Seppala-talvi-2020-2021-kuvaaja-Jari-Seppala.jpeg 960w\" sizes=\"(max-width: 909px) 100vw, 909px\" \/><\/figure>\n<\/div>\n\n\n\n<div class=\"wp-block-column\">\n<p>Raimo Sepp\u00e4l\u00e4 (s. 1934) on entinen Aamulehden p\u00e4\u00e4toimittaja ja poikkeuksellisen suuren tuotannon luonut tietokirjailija. El\u00e4m\u00e4nty\u00f6 on huomioitu professorin arvonimell\u00e4, valtion journalistipalkinnolla ja Warelius-palkinnolla.<\/p>\n\n\n\n<p><em>Kolmen sotilaan tarinassa<\/em> Sepp\u00e4l\u00e4 kertoo kolmen rivimiehen kautta talvi- ja jatkosodan uhrauksista ja niiden merkityksest\u00e4.<\/p>\n\n\n\n<p>Pieni kirja on Sepp\u00e4l\u00e4n kiitos sille sukupolvelle, joka pelasti meille kaikille j\u00e4lkeentuleville suomalaisille itsen\u00e4isyytemme ja sananvapautemme.<\/p>\n\n\n\n<p>Lue Aamulehden juttu kirjasta ja sen taustoista: <a href=\"https:\/\/holvi.com\/shop\/tyrvaanpryki\/product\/b573441cfe9688e71d37ee92d100c168\/\">Sota-aikana kouluik\u00e4inen Raimo Sepp\u00e4l\u00e4 sai kantaakseen lapselle raskaan teht\u00e4v\u00e4n \u2013 Nyt sodasta syntyi viel\u00e4 yksi kirja: \u201dT\u00e4h\u00e4n oli sis\u00e4inen pakko\u201d<\/a> (tilaajille). Simopekka Virkkulan kirjoittama juttu on julkaistu loppiaisena 6.1.2021 painetussa lehdess\u00e4.<\/p>\n\n\n\n<p>Tilaa kirja kustantajan verkkokaupasta, niin se toimitetaan sinulle suoraan kotipostilaatikkoon ilman postituskuluja.<\/p>\n<\/div>\n<\/div>\n","protected":false},"excerpt":{"rendered":"<p>Raimo Sepp\u00e4l\u00e4 (s. 1934) on entinen Aamulehden p\u00e4\u00e4toimittaja ja poikkeuksellisen suuren tuotannon luonut tietokirjailija. El\u00e4m\u00e4nty\u00f6 on huomioitu professorin arvonimell\u00e4, valtion journalistipalkinnolla ja Warelius-palkinnolla. Kolmen sotilaan tarinassa Sepp\u00e4l\u00e4 kertoo kolmen rivimiehen kautta talvi- ja jatkosodan uhrauksista ja niiden merkityksest\u00e4. Pieni kirja on Sepp\u00e4l\u00e4n kiitos sille sukupolvelle, joka pelasti meille kaikille j\u00e4lkeentuleville&#8230;<\/p>\n","protected":false},"author":3,"featured_media":0,"comment_status":"open","ping_status":"open","sticky":false,"template":"","format":"standard","meta":[],"categories":[1],"tags":[],"_links":{"self":[{"href":"https:\/\/warelia.fi\/index.php\/wp-json\/wp\/v2\/posts\/172"}],"collection":[{"href":"https:\/\/warelia.fi\/index.php\/wp-json\/wp\/v2\/posts"}],"about":[{"href":"https:\/\/warelia.fi\/index.php\/wp-json\/wp\/v2\/types\/post"}],"author":[{"embeddable":true,"href":"https:\/\/warelia.fi\/index.php\/wp-json\/wp\/v2\/users\/3"}],"replies":[{"embeddable":true,"href":"https:\/\/warelia.fi\/index.php\/wp-json\/wp\/v2\/comments?post=172"}],"version-history":[{"count":9,"href":"https:\/\/warelia.fi\/index.php\/wp-json\/wp\/v2\/posts\/172\/revisions"}],"predecessor-version":[{"id":350,"href":"https:\/\/warelia.fi\/index.php\/wp-json\/wp\/v2\/posts\/172\/revisions\/350"}],"wp:attachment":[{"href":"https:\/\/warelia.fi\/index.php\/wp-json\/wp\/v2\/media?parent=172"}],"wp:term":[{"taxonomy":"category","embeddable":true,"href":"https:\/\/warelia.fi\/index.php\/wp-json\/wp\/v2\/categories?post=172"},{"taxonomy":"post_tag","embeddable":true,"href":"https:\/\/warelia.fi\/index.php\/wp-json\/wp\/v2\/tags?post=172"}],"curies":[{"name":"wp","href":"https:\/\/api.w.org\/{rel}","templated":true}]}}