{"id":580,"date":"2023-02-08T21:33:48","date_gmt":"2023-02-08T19:33:48","guid":{"rendered":"https:\/\/warelia.fi\/?p=580"},"modified":"2023-02-08T21:35:37","modified_gmt":"2023-02-08T19:35:37","slug":"kesatoihin-kirjankustantamoon","status":"publish","type":"post","link":"https:\/\/warelia.fi\/index.php\/2023\/02\/08\/kesatoihin-kirjankustantamoon\/","title":{"rendered":"Kes\u00e4t\u00f6ihin kirjankustantamoon?"},"content":{"rendered":"\n<figure class=\"wp-block-image size-large is-style-default\"><img loading=\"lazy\" width=\"768\" height=\"1024\" src=\"https:\/\/warelia.fi\/wp-content\/uploads\/2023\/02\/jenna_esittelee_voimanlahteilla-kirjaa-768x1024.jpg\" alt=\"\" class=\"wp-image-583\" srcset=\"https:\/\/warelia.fi\/wp-content\/uploads\/2023\/02\/jenna_esittelee_voimanlahteilla-kirjaa-768x1024.jpg 768w, https:\/\/warelia.fi\/wp-content\/uploads\/2023\/02\/jenna_esittelee_voimanlahteilla-kirjaa-225x300.jpg 225w, https:\/\/warelia.fi\/wp-content\/uploads\/2023\/02\/jenna_esittelee_voimanlahteilla-kirjaa-1152x1536.jpg 1152w, https:\/\/warelia.fi\/wp-content\/uploads\/2023\/02\/jenna_esittelee_voimanlahteilla-kirjaa.jpg 1536w\" sizes=\"(max-width: 768px) 100vw, 768px\" \/><figcaption> Jenna Kallio oli Wareliassa kes\u00e4ty\u00f6ntekij\u00e4n\u00e4 viime kes\u00e4n\u00e4. Kes\u00e4ty\u00f6ntekij\u00f6iden toimenkuvaan kuuluivat my\u00f6s kirjojen esittelyt Warelian somekanavilla. Kuva Warelian <a rel=\"noreferrer noopener\" href=\"https:\/\/www.facebook.com\/kustannusliike\/posts\/697410901553453\" target=\"_blank\" data-type=\"URL\" data-id=\"https:\/\/www.facebook.com\/kustannusliike\/posts\/697410901553453\">Facebook-sivuilta<\/a>.<\/figcaption><\/figure>\n\n\n\n<p>WARELIASSA KES\u00c4TY\u00d6PAIKKA KAHDELLE KES\u00c4TY\u00d6NTEKIJ\u00c4LLE &#8211; hakuaika p\u00e4\u00e4ttyy viikon p\u00e4\u00e4st\u00e4 15.2.<\/p>\n\n\n\n<p>Oletko kiinnostunut kirjoista ja myyntity\u00f6st\u00e4? Haluaisitko kes\u00e4ty\u00f6t\u00e4 kirjankustantamosta? Warelia palkkaa kes\u00e4ty\u00f6ntekij\u00f6it\u00e4 my\u00f6s ensi kes\u00e4ksi.<\/p>\n\n\n\n<p>Etsimme nyt kahta kes\u00e4ty\u00f6ntekij\u00e4\u00e4 Warelian toimistoon ja kes\u00e4kirjakauppaan Sastamalan Kirjakortteliin. Vanhan kirjallisuuden p\u00e4ivien aikaan kes\u00e4ty\u00f6t\u00e4 tehd\u00e4\u00e4n my\u00f6s kirjap\u00e4ivien tapahtumapaikalla. Kirjap\u00e4ivill\u00e4 esitell\u00e4\u00e4n ja myyd\u00e4\u00e4n kirjoja ja haastatellaan kirjailijoita.<\/p>\n\n\n\n<p>Ty\u00f6p\u00e4ivi\u00e4 on kes\u00e4kuun alusta hein\u00e4kuun loppuun kummallakin kes\u00e4ty\u00f6ntekij\u00e4ll\u00e4 noin 17\u201320. Ty\u00f6p\u00e4iv\u00e4t ovat yleens\u00e4 maanantaista torstaihin, viikonloput ovat vapaita paitsi kirjap\u00e4iv\u00e4viikonloppuna pe\u2013la 30.6.\u20131.7. molemmat kes\u00e4ty\u00f6ntekij\u00e4t ovat t\u00f6iss\u00e4. Ty\u00f6p\u00e4ivien pituus on maanantaista torstaihin 6 tuntia, kirjap\u00e4iv\u00e4viikolla p\u00e4iv\u00e4t ovat pitempi\u00e4. Ty\u00f6vuorolista tehd\u00e4\u00e4n hyviss\u00e4 ajoin ennen kes\u00e4ty\u00f6n alkua, joten muillekin kes\u00e4suunnitelmille j\u00e4\u00e4 hyvin tilaa. Ty\u00f6viikkojen v\u00e4liss\u00e4 voi olla kokonaisia vapaaviikkoja.<\/p>\n\n\n\n<p>Voit katsoa n\u00e4ytteit\u00e4 aiempien kes\u00e4ty\u00f6ntekij\u00f6iden ty\u00f6n sis\u00e4ll\u00f6st\u00e4 Wareliaani-lehden sivuilta 56\u201362: <a href=\"https:\/\/issuu.com\/warelia\/docs\/wareliaani_2021\/56\" target=\"_blank\" rel=\"noreferrer noopener\">https:\/\/issuu.com\/warelia\/docs\/wareliaani_2021\/56<\/a><\/p>\n\n\n\n<p>Haluaisitko sin\u00e4 olla yksi &#8221;wareliaaneista&#8221; tulevana kes\u00e4n\u00e4? Voit hyvinkin sopia joukkoon, jos vastaat &#8221;kyll\u00e4&#8221; n\u00e4ihin kysymyksiin: Tuntuuko ajatus kirjojen myymisest\u00e4 ja kirjoista puhumisesta vieraiden ihmisten kanssa enimm\u00e4kseen mukavalta? Oletko luotettava ja vastuullinen, omatoiminen ja ahkera, huolellinen ja hyv\u00e4 keskittym\u00e4\u00e4n? Pid\u00e4tk\u00f6 lukemisesta ja oletko valmis lukemaan omalla ajallasi pinon Warelian kirjoja ennen kes\u00e4ty\u00f6si alkua? Oletko kiinnostunut tekem\u00e4\u00e4n kirja-aiheisia teksti-, kuva- ja videojulkaisuja sosiaaliseen mediaan? Oletko rohkea ja avoin? Uskaltaisitko esimerkiksi haastatella kirjailijaa yleis\u00f6n edess\u00e4? Jutteletko mielell\u00e4si kirjoista ihmisten kanssa? Kest\u00e4tk\u00f6 hyvin my\u00f6s hiljaisuutta ja yksinoloa? Kes\u00e4ty\u00f6 voi sis\u00e4lt\u00e4\u00e4 mm. pitk\u00e4j\u00e4nnitteisyytt\u00e4 vaativaa hiljaista ty\u00f6skentely\u00e4 k\u00e4sikirjoitusten ja taittovedosten parissa. Teetk\u00f6 hiljaisina hetkin\u00e4 mielell\u00e4si kaikenlaista muutakin? Kes\u00e4ty\u00f6h\u00f6n kuuluu my\u00f6s mm. siivoamista, hyllyjen j\u00e4rjestely\u00e4 ja kirjojen pakkaamista.<\/p>\n\n\n\n<p>Jos t\u00e4llainen kes\u00e4ty\u00f6paikka Wareliassa tuntuu mieluiselta, l\u00e4het\u00e4 vapaamuotoinen kes\u00e4ty\u00f6hakemuksesi s\u00e4hk\u00f6postitse 15.2.2023 menness\u00e4 osoitteeseen w@warelia.fi. Otsikoi viestisi n\u00e4in: Kes\u00e4ty\u00f6hakemukseni Wareliaan 2023.<\/p>\n\n\n\n<p>Kerro hakemuksessasi aikaisemmasta ty\u00f6kokemuksestasi ja my\u00f6s opintosuorituksistasi. Harrastuksetkin ovat kiinnostavia. Aikaisempi kokemus myyntity\u00f6st\u00e4 ja\/tai asiakaspalveluty\u00f6st\u00e4 on eduksi muttei pakollinen. Sosiaalisen median monipuolisesta tuntemuksesta, valokuvaus- ja videokuvaustaidoista ja videoiden editointitaidoista on paljon apua.<\/p>\n\n\n\n<p>Ty\u00f6haastatteluita pidet\u00e4\u00e4n helmikuun loppupuolella ja maaliskuun alkupuolella Sastamalassa ja tarvittaessa my\u00f6s Teamsissa. Mahdolliset tiedustelut s\u00e4hk\u00f6postitse osoitteeseen w@warelia.fi.<\/p>\n\n\n\n<figure class=\"wp-block-image size-large\"><img loading=\"lazy\" width=\"768\" height=\"1024\" src=\"https:\/\/warelia.fi\/wp-content\/uploads\/2023\/02\/maria_tyrvaan_prykin_ovella-768x1024.jpg\" alt=\"\" class=\"wp-image-584\" srcset=\"https:\/\/warelia.fi\/wp-content\/uploads\/2023\/02\/maria_tyrvaan_prykin_ovella-768x1024.jpg 768w, https:\/\/warelia.fi\/wp-content\/uploads\/2023\/02\/maria_tyrvaan_prykin_ovella-225x300.jpg 225w, https:\/\/warelia.fi\/wp-content\/uploads\/2023\/02\/maria_tyrvaan_prykin_ovella-1152x1536.jpg 1152w, https:\/\/warelia.fi\/wp-content\/uploads\/2023\/02\/maria_tyrvaan_prykin_ovella.jpg 1536w\" sizes=\"(max-width: 768px) 100vw, 768px\" \/><\/figure>\n\n\n\n<p>Viime kes\u00e4n kes\u00e4ty\u00f6ntekij\u00e4 Maria ensimm\u00e4isen\u00e4 kes\u00e4ty\u00f6p\u00e4iv\u00e4n\u00e4\u00e4n Tyrv\u00e4\u00e4n Prykin ovella. Kuva Warelian <a href=\"https:\/\/www.facebook.com\/photo.php?fbid=687277909233419&amp;set=pb.100038536486283.-2207520000.&amp;type=3\" data-type=\"URL\" data-id=\"https:\/\/www.facebook.com\/photo.php?fbid=687277909233419&amp;set=pb.100038536486283.-2207520000.&amp;type=3\" target=\"_blank\" rel=\"noreferrer noopener\">Facebook-sivuilta<\/a>.<\/p>\n","protected":false},"excerpt":{"rendered":"<p>WARELIASSA KES\u00c4TY\u00d6PAIKKA KAHDELLE KES\u00c4TY\u00d6NTEKIJ\u00c4LLE &#8211; hakuaika p\u00e4\u00e4ttyy viikon p\u00e4\u00e4st\u00e4 15.2. Oletko kiinnostunut kirjoista ja myyntity\u00f6st\u00e4? Haluaisitko kes\u00e4ty\u00f6t\u00e4 kirjankustantamosta? Warelia palkkaa kes\u00e4ty\u00f6ntekij\u00f6it\u00e4 my\u00f6s ensi kes\u00e4ksi. Etsimme nyt kahta kes\u00e4ty\u00f6ntekij\u00e4\u00e4 Warelian toimistoon ja kes\u00e4kirjakauppaan Sastamalan Kirjakortteliin. Vanhan kirjallisuuden p\u00e4ivien aikaan kes\u00e4ty\u00f6t\u00e4 tehd\u00e4\u00e4n my\u00f6s kirjap\u00e4ivien tapahtumapaikalla. Kirjap\u00e4ivill\u00e4 esitell\u00e4\u00e4n ja myyd\u00e4\u00e4n kirjoja ja haastatellaan&#8230;<\/p>\n","protected":false},"author":1,"featured_media":0,"comment_status":"open","ping_status":"open","sticky":false,"template":"","format":"standard","meta":[],"categories":[1],"tags":[],"_links":{"self":[{"href":"https:\/\/warelia.fi\/index.php\/wp-json\/wp\/v2\/posts\/580"}],"collection":[{"href":"https:\/\/warelia.fi\/index.php\/wp-json\/wp\/v2\/posts"}],"about":[{"href":"https:\/\/warelia.fi\/index.php\/wp-json\/wp\/v2\/types\/post"}],"author":[{"embeddable":true,"href":"https:\/\/warelia.fi\/index.php\/wp-json\/wp\/v2\/users\/1"}],"replies":[{"embeddable":true,"href":"https:\/\/warelia.fi\/index.php\/wp-json\/wp\/v2\/comments?post=580"}],"version-history":[{"count":2,"href":"https:\/\/warelia.fi\/index.php\/wp-json\/wp\/v2\/posts\/580\/revisions"}],"predecessor-version":[{"id":586,"href":"https:\/\/warelia.fi\/index.php\/wp-json\/wp\/v2\/posts\/580\/revisions\/586"}],"wp:attachment":[{"href":"https:\/\/warelia.fi\/index.php\/wp-json\/wp\/v2\/media?parent=580"}],"wp:term":[{"taxonomy":"category","embeddable":true,"href":"https:\/\/warelia.fi\/index.php\/wp-json\/wp\/v2\/categories?post=580"},{"taxonomy":"post_tag","embeddable":true,"href":"https:\/\/warelia.fi\/index.php\/wp-json\/wp\/v2\/tags?post=580"}],"curies":[{"name":"wp","href":"https:\/\/api.w.org\/{rel}","templated":true}]}}