{"id":588,"date":"2023-02-23T08:14:35","date_gmt":"2023-02-23T06:14:35","guid":{"rendered":"https:\/\/warelia.fi\/?p=588"},"modified":"2023-02-23T08:14:37","modified_gmt":"2023-02-23T06:14:37","slug":"kesapoika-anni-blomqvistin-luona-simskalassa","status":"publish","type":"post","link":"https:\/\/warelia.fi\/index.php\/2023\/02\/23\/kesapoika-anni-blomqvistin-luona-simskalassa\/","title":{"rendered":"Kes\u00e4poika \u2013 Anni Blomqvistin luona Simsk\u00e4lassa"},"content":{"rendered":"\n<p>&#8221;Annoit minulle kerran valokuvan oikeasta Myrskyluodon Maijasta. Kehotit katsomaan h\u00e4nen k\u00e4si\u00e4\u00e4n.&#8221;<\/p>\n\n\n\n<p>Tekeill\u00e4 olevan Myrskyluodon Maija -elokuvan p\u00e4\u00e4henkil\u00f6ist\u00e4 julkaistiin eilen uusi kuva. Maijaa ja Jannea esitt\u00e4v\u00e4t ruotsalaiset n\u00e4yttelij\u00e4t Amanda Jansson ja Linus Troedsson.<\/p>\n\n\n\n<figure class=\"wp-block-image size-large\"><img loading=\"lazy\" width=\"1024\" height=\"593\" src=\"https:\/\/warelia.fi\/wp-content\/uploads\/2023\/02\/myrskyluodon-maija-768x440-1-1024x593.jpg\" alt=\"\" class=\"wp-image-591\" srcset=\"https:\/\/warelia.fi\/wp-content\/uploads\/2023\/02\/myrskyluodon-maija-768x440-1-1024x593.jpg 1024w, https:\/\/warelia.fi\/wp-content\/uploads\/2023\/02\/myrskyluodon-maija-768x440-1-300x174.jpg 300w, https:\/\/warelia.fi\/wp-content\/uploads\/2023\/02\/myrskyluodon-maija-768x440-1-768x445.jpg 768w, https:\/\/warelia.fi\/wp-content\/uploads\/2023\/02\/myrskyluodon-maija-768x440-1.jpg 1142w\" sizes=\"(max-width: 1024px) 100vw, 1024px\" \/><\/figure>\n\n\n\n<p>Tiina Lymin ohjaaman ja Solar Filmsin tuottaman elokuvan k\u00e4sikirjoitus perustuu Anni Blomqvistin romaanisarjan teoksiin. Tiedotteessa kerrotaan, ett\u00e4 ahvenanmaalainen Blomqvist kirjoitti viisiosaisen kirjasarjansa vuosina 1968\u2013 1973. Aivan niin ei ollut, kirjoitusvuodet eiv\u00e4t ole sama asia kuin julkaisuvuodet.<\/p>\n\n\n\n<p>Hans Colliander oppi tuntemaan Anni Blomqvistin vuonna 1966, ollessaan vasta viisitoistavuotias &#8221;kes\u00e4poika&#8221;, yksi monista. Miehens\u00e4 ja vanhemman poikansa merelle menett\u00e4nyt saaristolaisnainen hankki lis\u00e4tuloja ottamalla &#8221;kes\u00e4lapsia&#8221;. Myrskyluodon Maijasta Blomqvistia ei viel\u00e4 silloin tunnettu, eik\u00e4 muustakaan, saariston v\u00e4ke\u00e4 laajemmin.<\/p>\n\n\n\n<p>Collianderin ja Blomqvistin tutustumisesta kasvoi Collianderin aikuistumisen my\u00f6t\u00e4 syv\u00e4 yst\u00e4vyys, joka jatkui tiiviin\u00e4 l\u00e4hes 25 vuotta, Blomqvistin kuolemaan asti.<\/p>\n\n\n\n<p>Hans Collianderin kirjoittama pieni muistelusteos &#8221;Kes\u00e4poika \u2013 Anni Blomqvistin luona Simsk\u00e4lassa&#8221; on nyt taitossa ja ilmestyy toukokuun alussa.<\/p>\n\n\n\n<p>Pieni suuri teos valaisee koskettavalla tavalla Myrskyluodon Maijan taustoja ja saaristolaiskirjailijan ajatuksia ja el\u00e4m\u00e4nasennetta. Ylip\u00e4\u00e4t\u00e4\u00e4n se syvent\u00e4\u00e4 ja t\u00e4ydent\u00e4\u00e4 kuvaa Anni Blomqvistista ja tarjoaa lukijalle koskettavan el\u00e4mysmatkan niihin maisemiin, joissa Myrskyluodon Maija on kirjoitettu.<\/p>\n\n\n\n<figure class=\"wp-block-image size-large\"><img loading=\"lazy\" width=\"649\" height=\"1024\" src=\"https:\/\/warelia.fi\/wp-content\/uploads\/2023\/02\/Hans-Colliander-Kesapoika-Warelia-2023-Etukansi-649x1024.jpg\" alt=\"\" class=\"wp-image-590\" srcset=\"https:\/\/warelia.fi\/wp-content\/uploads\/2023\/02\/Hans-Colliander-Kesapoika-Warelia-2023-Etukansi-649x1024.jpg 649w, https:\/\/warelia.fi\/wp-content\/uploads\/2023\/02\/Hans-Colliander-Kesapoika-Warelia-2023-Etukansi-190x300.jpg 190w, https:\/\/warelia.fi\/wp-content\/uploads\/2023\/02\/Hans-Colliander-Kesapoika-Warelia-2023-Etukansi-768x1211.jpg 768w, https:\/\/warelia.fi\/wp-content\/uploads\/2023\/02\/Hans-Colliander-Kesapoika-Warelia-2023-Etukansi-974x1536.jpg 974w, https:\/\/warelia.fi\/wp-content\/uploads\/2023\/02\/Hans-Colliander-Kesapoika-Warelia-2023-Etukansi-1299x2048.jpg 1299w, https:\/\/warelia.fi\/wp-content\/uploads\/2023\/02\/Hans-Colliander-Kesapoika-Warelia-2023-Etukansi.jpg 1535w\" sizes=\"(max-width: 649px) 100vw, 649px\" \/><\/figure>\n\n\n\n<p>Alun poiminta on k\u00e4sikirjoituksen er\u00e4\u00e4lt\u00e4 sivulta:<\/p>\n\n\n\n<p>&#8221;Annoit minulle kerran valokuvan oikeasta Myrskyluodon Maijasta. Kehotit katsomaan h\u00e4nen k\u00e4si\u00e4\u00e4n.&#8221;<\/p>\n\n\n\n<p>Tekstin jatko paljastaa, miksi. S\u00e4\u00e4stet\u00e4\u00e4n se kirjaan, joka siis ilmestyy toukokuun alussa.<\/p>\n\n\n\n<p>Lue lis\u00e4\u00e4 kirjasta: <a rel=\"noreferrer noopener\" href=\"https:\/\/holvi.com\/shop\/tyrvaanpryki\/product\/fe03207ef35333aca48569bc2cc78dba\/\" target=\"_blank\">Hans Colliander: Kes\u00e4poika \u2014 Tyrv\u00e4\u00e4n Prykin verkkokauppa (holvi.com)<\/a><\/p>\n\n\n\n<p>Lue lis\u00e4\u00e4 elokuvasta:<\/p>\n\n\n\n<figure class=\"wp-block-embed-wordpress wp-block-embed is-type-wp-embed is-provider-episodi-fi\"><div class=\"wp-block-embed__wrapper\">\n<blockquote class=\"wp-embedded-content\" data-secret=\"HBhzSBwUN5\"><a href=\"https:\/\/www.episodi.fi\/uutiset\/talta-nayttavat-myrskyluodon-maijan-paatahdet-kotimainen-suurtuotanto-ilmestyy-syksylla\/\">T\u00e4lt\u00e4 n\u00e4ytt\u00e4v\u00e4t Myrskyluodon Maijan p\u00e4\u00e4t\u00e4hdet \u2013 kotimainen suurtuotanto ilmestyy ensi vuonna<\/a><\/blockquote><iframe class=\"wp-embedded-content\" sandbox=\"allow-scripts\" security=\"restricted\" style=\"position: absolute; clip: rect(1px, 1px, 1px, 1px);\" title=\"&#8221;T\u00e4lt\u00e4 n\u00e4ytt\u00e4v\u00e4t Myrskyluodon Maijan p\u00e4\u00e4t\u00e4hdet \u2013 kotimainen suurtuotanto ilmestyy ensi vuonna&#8221; &#8212; Episodi.fi\" src=\"https:\/\/www.episodi.fi\/uutiset\/talta-nayttavat-myrskyluodon-maijan-paatahdet-kotimainen-suurtuotanto-ilmestyy-syksylla\/embed\/#?secret=9l3UZCFyGT#?secret=HBhzSBwUN5\" data-secret=\"HBhzSBwUN5\" width=\"600\" height=\"338\" frameborder=\"0\" marginwidth=\"0\" marginheight=\"0\" scrolling=\"no\"><\/iframe>\n<\/div><\/figure>\n\n\n<p><!-- \/wp:embed --><\/p>\n<p><!-- \/wp:embed --><\/p>","protected":false},"excerpt":{"rendered":"<p>&#8221;Annoit minulle kerran valokuvan oikeasta Myrskyluodon Maijasta. Kehotit katsomaan h\u00e4nen k\u00e4si\u00e4\u00e4n.&#8221; Tekeill\u00e4 olevan Myrskyluodon Maija -elokuvan p\u00e4\u00e4henkil\u00f6ist\u00e4 julkaistiin eilen uusi kuva. Maijaa ja Jannea esitt\u00e4v\u00e4t ruotsalaiset n\u00e4yttelij\u00e4t Amanda Jansson ja Linus Troedsson. Tiina Lymin ohjaaman ja Solar Filmsin tuottaman elokuvan k\u00e4sikirjoitus perustuu Anni Blomqvistin romaanisarjan teoksiin. Tiedotteessa kerrotaan, ett\u00e4 ahvenanmaalainen&#8230;<\/p>\n","protected":false},"author":1,"featured_media":0,"comment_status":"open","ping_status":"open","sticky":false,"template":"","format":"standard","meta":[],"categories":[1],"tags":[],"_links":{"self":[{"href":"https:\/\/warelia.fi\/index.php\/wp-json\/wp\/v2\/posts\/588"}],"collection":[{"href":"https:\/\/warelia.fi\/index.php\/wp-json\/wp\/v2\/posts"}],"about":[{"href":"https:\/\/warelia.fi\/index.php\/wp-json\/wp\/v2\/types\/post"}],"author":[{"embeddable":true,"href":"https:\/\/warelia.fi\/index.php\/wp-json\/wp\/v2\/users\/1"}],"replies":[{"embeddable":true,"href":"https:\/\/warelia.fi\/index.php\/wp-json\/wp\/v2\/comments?post=588"}],"version-history":[{"count":3,"href":"https:\/\/warelia.fi\/index.php\/wp-json\/wp\/v2\/posts\/588\/revisions"}],"predecessor-version":[{"id":593,"href":"https:\/\/warelia.fi\/index.php\/wp-json\/wp\/v2\/posts\/588\/revisions\/593"}],"wp:attachment":[{"href":"https:\/\/warelia.fi\/index.php\/wp-json\/wp\/v2\/media?parent=588"}],"wp:term":[{"taxonomy":"category","embeddable":true,"href":"https:\/\/warelia.fi\/index.php\/wp-json\/wp\/v2\/categories?post=588"},{"taxonomy":"post_tag","embeddable":true,"href":"https:\/\/warelia.fi\/index.php\/wp-json\/wp\/v2\/tags?post=588"}],"curies":[{"name":"wp","href":"https:\/\/api.w.org\/{rel}","templated":true}]}}