{"id":610,"date":"2023-07-20T10:22:18","date_gmt":"2023-07-20T08:22:18","guid":{"rendered":"https:\/\/warelia.fi\/?p=610"},"modified":"2023-07-20T19:31:11","modified_gmt":"2023-07-20T17:31:11","slug":"joutsenen-laulusta","status":"publish","type":"post","link":"https:\/\/warelia.fi\/index.php\/2023\/07\/20\/joutsenen-laulusta\/","title":{"rendered":"Joutsenen laulusta"},"content":{"rendered":"\n<figure class=\"wp-block-embed-youtube wp-block-embed is-type-video is-provider-youtube wp-embed-aspect-16-9 wp-has-aspect-ratio\"><div class=\"wp-block-embed__wrapper\">\n<iframe title=\"Joutsenen laulusta\" width=\"790\" height=\"444\" src=\"https:\/\/www.youtube.com\/embed\/1HAmlDxDNVo?feature=oembed\" frameborder=\"0\" allow=\"accelerometer; autoplay; clipboard-write; encrypted-media; gyroscope; picture-in-picture; web-share\" allowfullscreen><\/iframe>\n<\/div><\/figure>\n\n\n\n<p>Lyhytelokuva &#8221;Joutsenen laulusta&#8221;, kesto 7:54. Julkaisup\u00e4iv\u00e4 20.7.2023. Kertoja Johanna Pentik\u00e4inen. Kuvaus ja editointi Antti Pentik\u00e4inen. Musiikki Ilmari M\u00e4enp\u00e4\u00e4.<\/p>\n\n\n\n<p>Johanna Pentik\u00e4isen samanniminen romaani &#8221;Joutsenen laulusta&#8221; ilmestyy 15.8.2023.<\/p>\n\n\n\n<p>Kuusamon ensimm\u00e4inen nimismies Sigfrid Granroth kirjoitti vuonna 1741 Ruotsin kuningas Fredrikille kirjeen omien tilakauppojensa puolustukseksi.<\/p>\n\n\n\n<p>Granroth oli ostanut tilansa Kuusamon alueelle ensin tulleelta asuttajalta, joka kuitenkin alkoi vaatia alueita takaisin itselleen oikeusteitse. Granroth h\u00e4visi tilariitansa alemmissa oikeusasteissa. Ruotsin kuninkaan kamarikollegiolle kirjoittaessaan Granroth perusteli vetoomustaan sill\u00e4, ett\u00e4 kruunun tuli omistaa maat, jotka eiv\u00e4t olleet aiemmin olleet yksityisomistuksessa. Granrothin tila Haukiniemi oli perustettu saamelaisten Maasel\u00e4n talvikyl\u00e4n alueelle.<\/p>\n\n\n\n<p>Granrothin kirjeest\u00e4 alkoi kehitys, jonka seurauksena saamelaiset menettiv\u00e4t maaoikeutensa silloiselle Ruotsin valtiolle ja suomalaisille asuttajille.<\/p>\n\n\n\n<p>Romaanissa oman tarinansa \u2013 ja sukunsa tarinan \u2013 kertoo my\u00f6s nuori saamelainen Els\u00e1.<\/p>\n\n\n\n<p>Romaanin nimi juontuu Sigfridin veljen Benediktus Granrothin vuonna 1703 ilmestyneest\u00e4 latinankielisest\u00e4 v\u00e4it\u00f6skirjasta &#8221;De Cantu Cycnorum&#8221; (Joutsenten laulusta).<\/p>\n\n\n\n<p>Laulaako joutsen tosiaan kauniimmin kuollessaan? Kuinka joutsenlaulun aihe yhdist\u00e4\u00e4 toisiinsa Sigfridi\u00e4, Benediktusta, Els\u00e1a ja Kuusamon alueen saamelaisia?<\/p>\n\n\n\n<p>Jos kirjoitettu kieli tarkoittaa oikeutta, mit\u00e4 tapahtuu suullisena el\u00e4v\u00e4lle ymm\u00e4rrykselle? Ent\u00e4 millainen voima on kokonaan lausumatta j\u00e4\u00e4neill\u00e4 sanoilla?<\/p>\n\n\n\n<p>Johanna Pentik\u00e4inen on Jyv\u00e4skyl\u00e4n yliopiston kirjoittamisen tutkimuksen dosentti ja Lapin yliopiston tutkijatohtori. &#8221;Joutsenen laulusta&#8221; on h\u00e4nen esikoisromaaninsa. <\/p>\n\n\n\n<p>Sigfridist\u00e4 Johannaan on kahdeksan sukupolvea.<\/p>\n\n\n\n<p>&#8221;Sigfrid Granroth on esi-is\u00e4ni ja t\u00e4m\u00e4 romaani on yritys kohdata h\u00e4nen tekonsa mittaamattomat vaikutukset.&#8221;<\/p>\n\n\n\n<p>\u2013 Johanna Pentik\u00e4inen.<\/p>\n\n\n\n<p>* * * <\/p>\n\n\n\n<p>&#8221;Joutsenen laulusta&#8221; -romaani on saatavilla 15.8.2023 alkaen hyvin varustelluista kirjakaupoista ja verkkokirjakaupoista. Jos tilaat kirjan tiistaihin 8.8. menness\u00e4 ennakkoon suoraan kustantajan verkkokaupasta, se l\u00e4hetet\u00e4\u00e4n sinulle postitse suoraan kotiin jo ennen julkistusp\u00e4iv\u00e4\u00e4 ja saat kirjan ilman postituskuluja ensimm\u00e4isten joukossa! Suora linkki tilaussivulle: <\/p>\n\n\n\n<p><a href=\"https:\/\/holvi.com\/shop\/tyrvaanpryki\/product\/c2eb00220357fcd71fa4381fc011e7df\/\" target=\"_blank\" rel=\"noreferrer noopener\">https:\/\/holvi.com\/shop\/tyrvaanpryki\/product\/c2eb00220357fcd71fa4381fc011e7df\/ <\/a><\/p>\n\n\n\n<p>Kirjan kannet: Kari Jokinen.<\/p>\n\n\n\n<p>Taitto: Mikko Ylinen.<\/p>\n\n\n\n<p>Kustantaja: Warelia.<\/p>\n","protected":false},"excerpt":{"rendered":"<p>Lyhytelokuva &#8221;Joutsenen laulusta&#8221;, kesto 7:54. Julkaisup\u00e4iv\u00e4 20.7.2023. Kertoja Johanna Pentik\u00e4inen. Kuvaus ja editointi Antti Pentik\u00e4inen. Musiikki Ilmari M\u00e4enp\u00e4\u00e4. Johanna Pentik\u00e4isen samanniminen romaani &#8221;Joutsenen laulusta&#8221; ilmestyy 15.8.2023. Kuusamon ensimm\u00e4inen nimismies Sigfrid Granroth kirjoitti vuonna 1741 Ruotsin kuningas Fredrikille kirjeen omien tilakauppojensa puolustukseksi. Granroth oli ostanut tilansa Kuusamon alueelle ensin tulleelta asuttajalta,&#8230;<\/p>\n","protected":false},"author":1,"featured_media":0,"comment_status":"open","ping_status":"open","sticky":false,"template":"","format":"standard","meta":[],"categories":[1],"tags":[],"_links":{"self":[{"href":"https:\/\/warelia.fi\/index.php\/wp-json\/wp\/v2\/posts\/610"}],"collection":[{"href":"https:\/\/warelia.fi\/index.php\/wp-json\/wp\/v2\/posts"}],"about":[{"href":"https:\/\/warelia.fi\/index.php\/wp-json\/wp\/v2\/types\/post"}],"author":[{"embeddable":true,"href":"https:\/\/warelia.fi\/index.php\/wp-json\/wp\/v2\/users\/1"}],"replies":[{"embeddable":true,"href":"https:\/\/warelia.fi\/index.php\/wp-json\/wp\/v2\/comments?post=610"}],"version-history":[{"count":6,"href":"https:\/\/warelia.fi\/index.php\/wp-json\/wp\/v2\/posts\/610\/revisions"}],"predecessor-version":[{"id":616,"href":"https:\/\/warelia.fi\/index.php\/wp-json\/wp\/v2\/posts\/610\/revisions\/616"}],"wp:attachment":[{"href":"https:\/\/warelia.fi\/index.php\/wp-json\/wp\/v2\/media?parent=610"}],"wp:term":[{"taxonomy":"category","embeddable":true,"href":"https:\/\/warelia.fi\/index.php\/wp-json\/wp\/v2\/categories?post=610"},{"taxonomy":"post_tag","embeddable":true,"href":"https:\/\/warelia.fi\/index.php\/wp-json\/wp\/v2\/tags?post=610"}],"curies":[{"name":"wp","href":"https:\/\/api.w.org\/{rel}","templated":true}]}}