{"id":635,"date":"2023-09-28T10:15:33","date_gmt":"2023-09-28T08:15:33","guid":{"rendered":"https:\/\/warelia.fi\/?p=635"},"modified":"2023-09-28T10:15:34","modified_gmt":"2023-09-28T08:15:34","slug":"wareliaani-2023-2024-on-nyt-verkossa","status":"publish","type":"post","link":"https:\/\/warelia.fi\/index.php\/2023\/09\/28\/wareliaani-2023-2024-on-nyt-verkossa\/","title":{"rendered":"Wareliaani 2023\u20132024 on nyt verkossa!"},"content":{"rendered":"\n<figure class=\"wp-block-image size-large\"><img loading=\"lazy\" width=\"758\" height=\"1000\" src=\"https:\/\/warelia.fi\/wp-content\/uploads\/2023\/09\/Wareliaanin-2023-2024-Etukansi-rotated.jpg\" alt=\"\" class=\"wp-image-637\" srcset=\"https:\/\/warelia.fi\/wp-content\/uploads\/2023\/09\/Wareliaanin-2023-2024-Etukansi-rotated.jpg 758w, https:\/\/warelia.fi\/wp-content\/uploads\/2023\/09\/Wareliaanin-2023-2024-Etukansi-227x300.jpg 227w\" sizes=\"(max-width: 758px) 100vw, 758px\" \/><\/figure>\n\n\n\n<p>Wareliaani 2023\u20132024 on juuri tullut verkkoon! Tuhti lukupaketti sis\u00e4lt\u00e4\u00e4 runsaasti kirjailijahaastatteluita ja koko joukon muita juttuja kirjoista ja kirjamaailmasta. Hyvi\u00e4 lukuhetki\u00e4!<\/p>\n\n\n\n<p><a href=\"https:\/\/issuu.com\/warelia\/docs\/wareliaani_2023-2024\">Lue Wareliaania<\/a><\/p>\n\n\n\n<p>P.S. Painettu lehti tulee jakoon Turun Kirjamessuilla Warelian, Epic Erminen ja Suomalaisen kirjan museo Pukstaavin yhteisosastolla (A\/7) ja sen j\u00e4lkeen Warelian omalla osastolla Jyv\u00e4skyl\u00e4n Kirjamessuilla marraskuun lopussa ja Tampereen Kirjamessuilla joulukuun alussa, jos lehti\u00e4 viel\u00e4 riitt\u00e4\u00e4.<\/p>\n","protected":false},"excerpt":{"rendered":"<p>Wareliaani 2023\u20132024 on juuri tullut verkkoon! Tuhti lukupaketti sis\u00e4lt\u00e4\u00e4 runsaasti kirjailijahaastatteluita ja koko joukon muita juttuja kirjoista ja kirjamaailmasta. Hyvi\u00e4 lukuhetki\u00e4! Lue Wareliaania P.S. Painettu lehti tulee jakoon Turun Kirjamessuilla Warelian, Epic Erminen ja Suomalaisen kirjan museo Pukstaavin yhteisosastolla (A\/7) ja sen j\u00e4lkeen Warelian omalla osastolla Jyv\u00e4skyl\u00e4n Kirjamessuilla marraskuun lopussa&#8230;<\/p>\n","protected":false},"author":1,"featured_media":0,"comment_status":"open","ping_status":"open","sticky":false,"template":"","format":"standard","meta":[],"categories":[1],"tags":[],"_links":{"self":[{"href":"https:\/\/warelia.fi\/index.php\/wp-json\/wp\/v2\/posts\/635"}],"collection":[{"href":"https:\/\/warelia.fi\/index.php\/wp-json\/wp\/v2\/posts"}],"about":[{"href":"https:\/\/warelia.fi\/index.php\/wp-json\/wp\/v2\/types\/post"}],"author":[{"embeddable":true,"href":"https:\/\/warelia.fi\/index.php\/wp-json\/wp\/v2\/users\/1"}],"replies":[{"embeddable":true,"href":"https:\/\/warelia.fi\/index.php\/wp-json\/wp\/v2\/comments?post=635"}],"version-history":[{"count":2,"href":"https:\/\/warelia.fi\/index.php\/wp-json\/wp\/v2\/posts\/635\/revisions"}],"predecessor-version":[{"id":638,"href":"https:\/\/warelia.fi\/index.php\/wp-json\/wp\/v2\/posts\/635\/revisions\/638"}],"wp:attachment":[{"href":"https:\/\/warelia.fi\/index.php\/wp-json\/wp\/v2\/media?parent=635"}],"wp:term":[{"taxonomy":"category","embeddable":true,"href":"https:\/\/warelia.fi\/index.php\/wp-json\/wp\/v2\/categories?post=635"},{"taxonomy":"post_tag","embeddable":true,"href":"https:\/\/warelia.fi\/index.php\/wp-json\/wp\/v2\/tags?post=635"}],"curies":[{"name":"wp","href":"https:\/\/api.w.org\/{rel}","templated":true}]}}