{"id":645,"date":"2023-10-07T07:58:34","date_gmt":"2023-10-07T05:58:34","guid":{"rendered":"https:\/\/warelia.fi\/?p=645"},"modified":"2023-10-07T09:09:26","modified_gmt":"2023-10-07T07:09:26","slug":"viiltavat-muistot-oli-aulis-aarnion-kaunokirjallinen-testamentti","status":"publish","type":"post","link":"https:\/\/warelia.fi\/index.php\/2023\/10\/07\/viiltavat-muistot-oli-aulis-aarnion-kaunokirjallinen-testamentti\/","title":{"rendered":"Viilt\u00e4v\u00e4t muistot oli Aulis Aarnion kaunokirjallinen testamentti"},"content":{"rendered":"\n<figure class=\"wp-block-image size-large\"><img loading=\"lazy\" width=\"1024\" height=\"842\" src=\"https:\/\/warelia.fi\/wp-content\/uploads\/2023\/10\/Aulis-Aarnio-Warelian-toimistolla-1024x842.jpg\" alt=\"\" class=\"wp-image-651\" srcset=\"https:\/\/warelia.fi\/wp-content\/uploads\/2023\/10\/Aulis-Aarnio-Warelian-toimistolla-1024x842.jpg 1024w, https:\/\/warelia.fi\/wp-content\/uploads\/2023\/10\/Aulis-Aarnio-Warelian-toimistolla-300x247.jpg 300w, https:\/\/warelia.fi\/wp-content\/uploads\/2023\/10\/Aulis-Aarnio-Warelian-toimistolla-768x631.jpg 768w, https:\/\/warelia.fi\/wp-content\/uploads\/2023\/10\/Aulis-Aarnio-Warelian-toimistolla-1536x1262.jpg 1536w, https:\/\/warelia.fi\/wp-content\/uploads\/2023\/10\/Aulis-Aarnio-Warelian-toimistolla.jpg 2048w\" sizes=\"(max-width: 1024px) 100vw, 1024px\" \/><\/figure>\n\n\n<p><em>Teksti ja kuva: Marko Vesterbacka<\/em><\/p>\n<p>T\u00e4m\u00e4n aamun (7.10.) Helsingin Sanomissa ilmestyi Veli-Pekka Lepp\u00e4sen kirjoittama muistokirjoitus 28.9.2023 edesmenneest\u00e4 professori, oikeusfilosofi ja kirjailija Aulis Aarniosta. Loppuvuosikseen Auliksesta tuli Warelian kirjailija. Kustannusalalla itsekin kokenut konkari l\u00e4hetti meille k\u00e4sikirjoituksensa p\u00e4\u00e4si\u00e4isen aikoihin kev\u00e4\u00e4ll\u00e4 2018. Julkaisup\u00e4\u00e4t\u00f6s oli helppo tehd\u00e4. Tapasimme ja yst\u00e4vystyimme.<\/p>\n<p>Aloituskuvassa Aulis on k\u00e4ym\u00e4ss\u00e4 Warelian toimistolla tammikuussa 2019.<\/p>\n<p>Romaani <em>V\u00e4synyt vaeltaja<\/em> ilmestyi kes\u00e4ll\u00e4 2019 ja viimeiseksi j\u00e4\u00e4nyt romaani <em>Viilt\u00e4v\u00e4t muistot \u2013 Kertomus ihmisist\u00e4 Suomen syntyess\u00e4<\/em> syksyll\u00e4 2021. Kustannustoimitin itse <em>V\u00e4syneen vaeltajan<\/em>, mutta <em>Viilt\u00e4v\u00e4t muistot<\/em> kustannustoimitti Salla Yli-Erkkil\u00e4.<\/p>\n<p>T\u00e4ss\u00e4 omassa kirjoituksessani haluan nyt nostaa esiin erityisesti tuota <em>Viilt\u00e4v\u00e4t muistot<\/em> -romaania, koska tied\u00e4n ett\u00e4 eniten Aulis toivoi h\u00e4nt\u00e4 muistettavan h\u00e4nen teoksiaan lukemalla ja <em>Viilt\u00e4v\u00e4t muistot<\/em> oli lopulta h\u00e4nelle itselleen h\u00e4nen teoksistaan kaikkein t\u00e4rkein.<\/p>\n<p>Sit\u00e4 Aulis piti kaunokirjallisena p\u00e4\u00e4teoksenaan. My\u00f6s kaikki sen lukeneet, jotka ovat lukemastaan kirjoituksin kertoneet, ovat pit\u00e4neet sit\u00e4 vaikuttavana romaaniteoksena ja merkitt\u00e4v\u00e4n\u00e4 yhteiskunnallisena puheenvuorona. Olenkin alle koonnut valikoiman sit\u00e4 palautetta, mit\u00e4 teos on saanut. Jos sin\u00e4 et viel\u00e4 ole <em>Viilt\u00e4vi\u00e4 muistoja<\/em> lukenut, alla olevasta saat monipuolisen kuvan siit\u00e4, mist\u00e4 kirjassa on kirjoittajan itsens\u00e4 ja h\u00e4nen lukijoidensa mielest\u00e4 ollut kysymys.<\/p>\n<p>Veli-Pekka Lepp\u00e4nen kertoo muistokirjoituksessa, ett\u00e4 r\u00e4\u00e4t\u00e4lin perheeseen syntyneest\u00e4 Aulis Aarniosta tuli oikeusteorian maailmannimi, joka my\u00f6s johti oikeus- ja yhteiskuntafilosofien maailmanj\u00e4rjest\u00f6\u00e4 1980- ja 1990-luvuilla. H\u00e4nen oikeusteoreettinen p\u00e4\u00e4teoksensa <em>The Rational as Reasonable<\/em> ilmestyi vuonna 1987.<\/p>\n<p>Aulis Aarnio oli siviilioikeuden professorina &#8211; kaiken muun ohella &#8211; my\u00f6s testamenttioikeuden erityisasiantuntija. Kaunokirjallisena &#8221;testamenttinaan&#8221; Aulis piti juuri viimeist\u00e4 romaaniaan, suurty\u00f6t\u00e4\u00e4n <em>Viilt\u00e4v\u00e4t muistot<\/em>. Se oli h\u00e4nelle itselleen h\u00e4nen p\u00e4\u00e4teoksensa ja summansa, jossa oli my\u00f6s vahva oikeusfilosofinen ulottuvuus. Romaanin p\u00e4\u00e4henkil\u00f6 oli r\u00e4\u00e4t\u00e4li, kuten Aarnion is\u00e4, mutta siit\u00e4 ja monista muista tosiel\u00e4m\u00e4n yhtym\u00e4kohdistaan huolimatta romaani ei ollut omael\u00e4m\u00e4kerrallinen.<\/p>\n<p>Lepp\u00e4nen mainitsee <em>Viilt\u00e4v\u00e4t muistot<\/em> muistokirjoituksessa, mutta koska ei luonnehdi kirjaa mitenk\u00e4\u00e4n, p\u00e4\u00e4ttelen ettei h\u00e4n ole romaania lukenut.<\/p>\n<p>Teoksen ilmestyess\u00e4 Helsingin Sanomat ei sit\u00e4 arvostellut eik\u00e4 muutenkaan esitellyt. Ei se silti huomaamatta j\u00e4\u00e4nyt, vaan se oli my\u00f6s Aarnion romaanien yst\u00e4ville tuotannon loppuhuipennus.<\/p>\n<p><em>Viilt\u00e4vien muistojen<\/em> julkistustilaisuuden piti alun perin olla elokuun lopussa 2021, mutta se jouduttiin koronatilanteen vuoksi siirt\u00e4m\u00e4\u00e4n marraskuun alkuun. Katso Warelian Facebook-sivuilta Auliksen loppusanat kirjanjulkistustilaisuudessa 7.11.2021 &#8211; ja se, mit\u00e4 loppusanojen j\u00e4lkeen tapahtuu:<\/p>\n<p><div class=\"cff-embed-wrap cff-video-embed-wrap\"><div id=\"fb-root\"><\/div><script async=\"1\" defer=\"1\" crossorigin=\"anonymous\" src=\"https:\/\/connect.facebook.net\/fi_FI\/sdk.js#xfbml=1&amp;version=v18.0\" nonce=\"LUgkuC99\"><\/script><div class=\"fb-video cff-embed cff-video-embed\" data-href=\"https:\/\/www.facebook.com\/kustannusliike\/videos\/580398523256409\/\" data-width=\"790\"><blockquote cite=\"https:\/\/www.facebook.com\/kustannusliike\/videos\/580398523256409\/\" class=\"fb-xfbml-parse-ignore\"><a href=\"https:\/\/www.facebook.com\/kustannusliike\/videos\/580398523256409\/\">&quot;Olkoon niin&quot;<\/a><p>Aulis Aarnio sanoo loppusanat \u2013 ja mit\u00e4 sitten tapahtuu.<\/p>Julkaissut <a href=\"https:\/\/facebook.com\/kustannusliike\">Warelia<\/a> Sunnuntaina 7. marraskuuta 2021<\/blockquote><\/div><\/div><\/p>\n<p>\u00a0<\/p>\n<p>Romaanista kirjoitettiin syksyll\u00e4 2021 ja kev\u00e4\u00e4ll\u00e4 2022 lukuisia ja yksinomaan kiitt\u00e4vi\u00e4 arvosteluita.<\/p>\n<p>Romaani tuotti arvioita ja mainintoja my\u00f6s poikkeuksellisille foorumeille, kuten Lakimiesuutisiin. Juristitaustaiset kirjallisuudenyst\u00e4v\u00e4t kokivat romaanin my\u00f6s oikeusfilosofisesti eritt\u00e4in t\u00e4rke\u00e4ksi ja mielenkiintoiseksi.<\/p>\n<p>13.12.2021 ilmestyneess\u00e4 Lakimies-lehdess\u00e4 (numero 7-8\/2021) julkaistiin professori Jaakko Husan kirjoittama per\u00e4ti kymmensivuinen tutkielma &#8221;Laink\u00e4ytt\u00f6 ja oikeudenmukaisuus Aulis Aarnion romaanissa Viilt\u00e4v\u00e4t muistot&#8221;, joka koko mitaltaan k\u00e4sitteli juuri t\u00e4t\u00e4 romaania. Kirjoittajan ja Suomalaisen Lakimiesyhdistyksen yst\u00e4v\u00e4llisell\u00e4 luvalla julkaisemme kirjoituksen my\u00f6s Warelian verkkosivuilla. Se on kest\u00e4nyt aikaa: nauttikaa, syv\u00e4llisen &amp; filosofisen kaunokirjallisuuden yst\u00e4v\u00e4t:<\/p>\n<div style=\"position: relative; padding-top: max(60%,326px); height: 0; width: 100%;\"><iframe style=\"position: absolute; border: none; width: 100%; height: 100%; left: 0; right: 0; top: 0; bottom: 0;\" src=\"https:\/\/e.issuu.com\/embed.html?d=laink_ytt_ja_oikeudenmukaisuus_aulis_aarnion_roma&amp;u=warelia\" sandbox=\"allow-top-navigation allow-top-navigation-by-user-activation allow-downloads allow-scripts allow-same-origin allow-popups allow-modals allow-popups-to-escape-sandbox allow-forms\" allowfullscreen=\"allowfullscreen\"><\/iframe><\/div>\n<p>\u00a0<\/p>\n<p>Muista juristien kirjoittamista arvioista voi nostaa esiin muun muassa Lasse Laatusen Maaseudun Tulevaisuuteen kirjoittaman arvostelun, jossa h\u00e4n totesi muun muassa:<\/p>\n<blockquote>\n<p>Tartuin Aarnion romaaniin Viilt\u00e4v\u00e4t muistot suurella uteliaisuudella. Aarnio oli professorini ja opettajani l\u00e4hes viisikymment\u00e4 vuotta sitten. H\u00e4nen perhe- ja perint\u00f6oikeuden luennoistaan tajusin syksyll\u00e4 1972, mit\u00e4 on oikeudellinen ajattelu. Tuo oppi on kantanut minua juristina koko urani ajan.<\/p>\n<p>\u00a0<\/p>\n<p>Ensimm\u00e4inen ajatukseni oli, miten Aarnion teksti el\u00e4\u00e4 V\u00e4in\u00f6 Linnan T\u00e4\u00e4ll\u00e4 Pohjant\u00e4hden alla -teoksen suuressa varjossa. Ep\u00e4ilykseni oli turha. Kirjassa suuri maltillisten ihmisten joukko el\u00e4\u00e4 yhteist\u00e4 arkea erilaisten ihmisten kanssa. Aarnio hakee kirjan hahmojen kautta oikean ja v\u00e4\u00e4r\u00e4n rajaa. Romaanissa on vahva oikeusfilosofinen sanoma.<\/p>\n<p>\u00a0<\/p>\n<p>Aarnio ei romaanissaan syyt\u00e4, liioittele, paasaa, tuomitse eik\u00e4 herjaa niit\u00e4k\u00e4\u00e4n, joiden k\u00e4yt\u00f6s ei t\u00e4yt\u00e4 oikeudenmukaisuuden vaatimusta.<\/p>\n<p>\u00a0<\/p>\n<p>H\u00e4nen romaanihenkil\u00f6ns\u00e4 taistelevat r\u00e4\u00e4t\u00e4limestari Kustaa Vilhelm Wileniuksen johdolla oikeuksiensa puolesta kansanihmisten sivistyneisyydell\u00e4 ilman, ett\u00e4 he antavat vihalle sokaisevaa valtaa. Johtop\u00e4\u00e4t\u00f6kset Aarnio j\u00e4tt\u00e4\u00e4 lukijalle. H\u00e4n ei neuvo.<\/p>\n<p>\u00a0<\/p>\n<p>Suosittelen romaania kaikille ja erityisesti heille, jotka uskovat aina olevansa oikeassa. Yhteisymm\u00e4rryksell\u00e4 on arvonsa \u2013 my\u00f6s silloin, kun vedet\u00e4\u00e4n oikean ja v\u00e4\u00e4r\u00e4n rajaa.<\/p>\n<\/blockquote>\n<p>Lasse Laatunen teki oman ty\u00f6uransa EK:n ty\u00f6markkinajohtajana. Ty\u00f6nantajaleiri\u00e4 koko ty\u00f6uransa palvellut juristi kirjoitti Aarnion romaanista my\u00f6s Demokraatti-lehdess\u00e4 julkaistun kolumnin, joka oli samalla voimakas puheenvuoro yhteisymm\u00e4rryst\u00e4 tavoittelevan konsensuskulttuurin puolesta.<\/p>\n<p>N\u00e4in kolumni alkoi:<\/p>\n<blockquote>\n<p>Aulis Aarnio on kansainv\u00e4lisesti arvostettu siviilioikeuden ja oikeusfilosofian tutkija. Aarnion romaanissa on vahva oikeusfilosofinen sis\u00e4lt\u00f6. Kirjan henkil\u00f6hahmojen kautta professori piirt\u00e4\u00e4 v\u00e4kev\u00e4sti oikean ja v\u00e4\u00e4r\u00e4n rajaa. Aarnio on ilmeisesti eniten t\u00e4t\u00e4 kysymyst\u00e4 Suomessa pohtinut juristi. H\u00e4nen oikeustieteellinen tuotantonsa on laaja ja merkitt\u00e4v\u00e4. Nyt h\u00e4n romaanissaan nostaa oikean ja v\u00e4\u00e4r\u00e4n pohdinnan lain tasolta demokratian tasolle.<\/p>\n<p>\u00a0<\/p>\n<p>Suosittelen kirjan lukemista kaikille.<\/p>\n<p>\u00a0<\/p>\n<p>Vaikka Aarnion kirja sijoittuu vuoden 1918 sotaan, sen j\u00e4lkeisiin vuosiin ja Lapuan liikkeen aikaan, antaa se ajattelemisen aihetta my\u00f6s nyt vastakohtaisuuksien lietsomisen aikakautena. Oikean ja v\u00e4\u00e4r\u00e4n raja ei kulje eri puolueiden, vastakkaisten ty\u00f6markkinaosapuolten, suomalaisten ja maahanmuuttajien eik\u00e4 muidenkaan tahojen v\u00e4liss\u00e4, vaan eri intressipiirien sis\u00e4ll\u00e4.<\/p>\n<p>\u00a0<\/p>\n<p>Yhteisymm\u00e4rrykseen pyrkiminen yhteiskunnassa ei ole kiinni koulutuksesta eik\u00e4 asemasta. Sen sijaan se vaatii syd\u00e4mensivistyst\u00e4, rehellisyytt\u00e4 ja oikeudenmukaisuuden tunnetta. Toisen osapuolen kunnioittamista. Yhteisymm\u00e4rryksell\u00e4 on iso arvo vedett\u00e4ess\u00e4 oikean ja v\u00e4\u00e4r\u00e4n rajaa niin politiikassa kuin ty\u00f6markkinapolitiikassa. Sama p\u00e4tee muuhunkin kanssak\u00e4ymiseen yhteiskunnassa.<\/p>\n<\/blockquote>\n<p>Lue koko kolumni:<\/p>\n<p><a href=\"https:\/\/demokraatti.fi\/lasse-laatunen-lain-ja-kohtuuden-tahden\/\">https:\/\/demokraatti.fi\/lasse-laatunen-lain-ja-kohtuuden-tahden\/<\/a><\/p>\n<p>Aulis itsekin kirjoitti romaanin valmistuttua oman arvionsa siit\u00e4, mit\u00e4 h\u00e4n oli tavoitellut. Kirjoitus julkaistiin Wareliaanissa loppuvuonna 2021: <a href=\"https:\/\/warelia.fi\/index.php\/2021\/08\/25\/kirja-historian-unohtamista\/\">Kirja historian unohtamista \u2013 Warelia<\/a><\/p>\n<p>Kirjallisuustieteilij\u00f6iden joukosta kirjaan tarttui tuoreeltaan Panu Rajala, joka kirjoitti kirjasta marraskuussa 2021 omaan blogiinsa aloittaen toteamuksella:<\/p>\n<blockquote>\n<p>Syksyn hiljainen merkkitapaus, joka ei ehk\u00e4 nouse ansaitsemaansa huomioon, on ilman muuta Aulis Aarnion romaani Viilt\u00e4v\u00e4t muistot (Warelia 2021).<\/p>\n<\/blockquote>\n<p>Rajala p\u00e4\u00e4tti kirjoituksensa Viilt\u00e4vist\u00e4 muistoista toteamalla:<\/p>\n<blockquote>\n<p>T\u00e4m\u00e4 maltin, j\u00e4rjen ja viisauden puolustus on monipuolisen Aarnion ehdoton p\u00e4\u00e4teos, el\u00e4m\u00e4nkatsomuksellinen testamentti, sanoisin.<\/p>\n<\/blockquote>\n<p>Pitk\u00e4n linjan kirjallisuuskriitikoista romaanin luki tuoreeltaan ainakin Erkki Kiviniemi, joka arvioi kirjan Kulttuuritoimitus.fi:n Parasta juuri nyt -palstalla:<\/p>\n<blockquote>\n<p>Aulis Aarnio on oikeustieteilij\u00e4 ja pitk\u00e4n kirjailijauran tehnyt, erityisesti historiallisia aiheita k\u00e4sitellyt kertoja.<\/p>\n<p>\u00a0<\/p>\n<p>Uusi romaani Viilt\u00e4v\u00e4t muistot (Warelia, 2021) on sijoitettu kansalaissodan eli sis\u00e4llissodan ja Lapuan liikkeen vaiheisiin. Kirja on puolidokumentaarinen ja siin\u00e4 esiintyvien henkil\u00f6iden malleina on ilmeisesti ollut pelk\u00e4st\u00e4\u00e4n oikeasti el\u00e4neit\u00e4 henkil\u00f6it\u00e4.<\/p>\n<p>\u00a0<\/p>\n<p>P\u00e4\u00e4henkil\u00f6 r\u00e4\u00e4t\u00e4limestari Wileniuksen mallina n\u00e4ytt\u00e4isi olevan Aulis Aarnion is\u00e4. T\u00e4m\u00e4 on kirjallisesti itse\u00e4\u00e4n sivist\u00e4v\u00e4, yhteiskunnallisesti oikeudenmukaisuuteen pyrkiv\u00e4 ty\u00f6v\u00e4enliikkeen vaikuttaja.<\/p>\n<p>\u00a0<\/p>\n<p>Romaani kuvaa seikkaper\u00e4isesti Wileniuksen ja h\u00e4nen ymp\u00e4rill\u00e4\u00e4n el\u00e4neiden ihmisten kohtaloita vuosina 1917\u20131918 ja 1930-luvun alussa. Ansiokkaasti kirjailija n\u00e4ytt\u00e4\u00e4 vihan ja laumahenkisyyden sokeuden ja raaistavan vaikutuksen.<\/p>\n<p>\u00a0<\/p>\n<p>Wilenius on aina sovittelija, mutta tuomitaan silti vankilaan kansalaissodan j\u00e4lkiselvittelyjen oikeudenk\u00e4ynniss\u00e4.<\/p>\n<p>\u00a0<\/p>\n<p>Viilt\u00e4v\u00e4t vuodet [sic] on painava historiallinen kuvaus, jonka ydin on demokraattisen yhteiskuntaj\u00e4rjestyksen puolustus. Henkil\u00f6iden kautta n\u00e4ytettyn\u00e4 sanoma menee perille, varsinkin kun ihmiset on kirjoitettu el\u00e4viksi ja tunteviksi.<\/p>\n<p>\u00a0<\/p>\n<p>Tapahtumien perusteellinen todenper\u00e4isyys ja eritt\u00e4in hyvin muotoiltu murrepuheen toisto parantavat teosta, jonka voi sanoa kuuluvan kansalaissodan ja sen j\u00e4lkeisen ajan kuvauksien aateliin. Erinomaisen sopiva lahjakirja.<\/p>\n<\/blockquote>\n<p>Alla viel\u00e4 muutamia esittelyit\u00e4 ja arvioita:<\/p>\n<p>Helsingin yliopiston siviilioikeuden nykyisen professorin Heikki Halilan kolumni Lakimiesuutisissa:<\/p>\n<p><a href=\"https:\/\/lakimiesuutiset.fi\/wp-content\/uploads\/2021\/11\/lakimiesuutiset_0521.pdf\">https:\/\/lakimiesuutiset.fi\/wp-content\/uploads\/2021\/11\/lakimiesuutiset_0521.pdf<\/a> (sivu 39)<\/p>\n<p>Kes\u00e4n kynnyksell\u00e4 2022 kirjasta ilmestyi Kanavassa historiantutkija, toimittaja ja tietokirjailija Ulla Sir\u00e9nin kaksisivuinen kirjoitus, josta on alku alla olevassa kuvassa:<\/p>\n<p><img loading=\"lazy\" class=\"alignnone wp-image-653 size-full\" src=\"https:\/\/warelia.fi\/wp-content\/uploads\/2023\/10\/Ulla-Siren-Kanava.jpg\" alt=\"\" width=\"1399\" height=\"800\" srcset=\"https:\/\/warelia.fi\/wp-content\/uploads\/2023\/10\/Ulla-Siren-Kanava.jpg 1399w, https:\/\/warelia.fi\/wp-content\/uploads\/2023\/10\/Ulla-Siren-Kanava-300x172.jpg 300w, https:\/\/warelia.fi\/wp-content\/uploads\/2023\/10\/Ulla-Siren-Kanava-1024x586.jpg 1024w, https:\/\/warelia.fi\/wp-content\/uploads\/2023\/10\/Ulla-Siren-Kanava-768x439.jpg 768w, https:\/\/warelia.fi\/wp-content\/uploads\/2023\/10\/Ulla-Siren-Kanava-350x200.jpg 350w\" sizes=\"(max-width: 1399px) 100vw, 1399px\" \/><\/p>\n<p>\u00a0<\/p>\n<p>Parhaiten muistamme Aulista nyt lokakuussa 2023, kun luemme ja mietiskelemme <em>Viilt\u00e4vi\u00e4 muistoja.<\/em><\/p>\n<p>\u00a0<\/p>\n<p>PS:<\/p>\n<p>Viilt\u00e4v\u00e4t muistot -teosta saa varsin hyvin kirjastoista:<\/p>\n<p><a href=\"https:\/\/finna.fi\/Record\/anders.1917840?sid=3171896493\">Viilt\u00e4v\u00e4t muistot : kertomus ihmisist\u00e4 Suomen syntyess\u00e4 | Anders-kirjastot | Finna.fi<\/a><\/p>\n<p>Kirjakaupoista kolme vuotta sitten ilmestynytt\u00e4 kirjaa on en\u00e4\u00e4 saatavilla vain harvoista paikoista, mutta ainakin Rosebudin Sivullisesta ja Tampereen Akateemisesta Kirjakaupasta sit\u00e4 saa. Kirjan voi my\u00f6s tilata Warelian verkkokaupasta: <a href=\"https:\/\/holvi.com\/shop\/tyrvaanpryki\/product\/795bc81ff1b5147ee4d4c05ebf9d00f7\/\">Viilt\u00e4v\u00e4t muistot \u2014 Tyrv\u00e4\u00e4n Prykin verkkokauppa (holvi.com)<\/a><\/p>\n<p>\u00a0<\/p>\n<p>PS2:<\/p>\n<p>T\u00e4m\u00e4 HS:n muistokirjoituksen toteamus Aarniosta voinee synnytt\u00e4\u00e4 nykylukijoissa v\u00e4\u00e4ri\u00e4 mielikuvia:<\/p>\n<blockquote>\n<p>Nuoruudessa h\u00e4n ajelehti aikansa, kunnes intoutui juridiikan opinnoista.<\/p>\n<\/blockquote>\n<p>Ajelehtiminen oli niin liev\u00e4\u00e4, etten sanoisi sit\u00e4 ajelehtimiseksi lainkaan: Aulis valmistui yliopistosta 24-vuotiaana ja v\u00e4itteli samana vuonna kun t\u00e4ytti 30. Kolme vuotta v\u00e4ittelemisest\u00e4 h\u00e4n oli jo Helsingin yliopiston siviilioikeuden professori, siis vain v\u00e4h\u00e4n yli kolmikymppisen\u00e4. Moni nykyajan ajelehtija el\u00e4\u00e4 ylipitk\u00e4\u00e4 nuoruuttaan viel\u00e4 silloinkin&#8230;<\/p>\n<p>Veli-Pekka Lepp\u00e4sen kirjoittama muistokirjoitus: <a href=\"https:\/\/www.hs.fi\/muistot\/art-2000009899303.html\">Aulis Aarnio 1937\u20132023 &#8211; Muistot | HS.fi<\/a><\/p>\n<p>Muistokirjoituksen valokuvan Auliksesta on ottanut Eriika Ahopelto. Kuva on otettu samassa yhteydess\u00e4, kun Matti Kuusela k\u00e4vi Kangasalla haastattelemassa Aulista Aamulehden juttuun. Kuuselan kirjoittama juttu ilmestyi Aamulehden verkkosivuilla joulup\u00e4iv\u00e4n\u00e4 2019.<\/p>\n<p>Haastattelun suorana yllykkeen\u00e4 oli silloin Auliksen viimeist\u00e4 edelliseksi j\u00e4\u00e4nyt kaunokirjallinen teos, &#8221;Kangasalan erakkona&#8221; tunnetusta kuvataiteilija Einar Ilmonista ja h\u00e4nen perheest\u00e4\u00e4n kertova &#8221;V\u00e4synyt vaeltaja&#8221; (Warelia 2019). Tuo lehtijuttukin on lukemisen arvoinen yh\u00e4:<\/p>\n<p><a href=\"_wp_link_placeholder\" data-wplink-edit=\"true\">https:\/\/www.aamulehti.fi\/kulttuuri\/art-2000007440028.html<\/a> (tilaajille)<\/p>","protected":false},"excerpt":{"rendered":"<p>Teksti ja kuva: Marko Vesterbacka T\u00e4m\u00e4n aamun (7.10.) Helsingin Sanomissa ilmestyi Veli-Pekka Lepp\u00e4sen kirjoittama muistokirjoitus 28.9.2023 edesmenneest\u00e4 professori, oikeusfilosofi ja kirjailija Aulis Aarniosta. Loppuvuosikseen Auliksesta tuli Warelian kirjailija. Kustannusalalla itsekin kokenut konkari l\u00e4hetti meille k\u00e4sikirjoituksensa p\u00e4\u00e4si\u00e4isen aikoihin kev\u00e4\u00e4ll\u00e4 2018. Julkaisup\u00e4\u00e4t\u00f6s oli helppo tehd\u00e4. Tapasimme ja yst\u00e4vystyimme. Aloituskuvassa Aulis on k\u00e4ym\u00e4ss\u00e4&#8230;<\/p>\n","protected":false},"author":1,"featured_media":0,"comment_status":"open","ping_status":"open","sticky":false,"template":"","format":"standard","meta":[],"categories":[1],"tags":[],"_links":{"self":[{"href":"https:\/\/warelia.fi\/index.php\/wp-json\/wp\/v2\/posts\/645"}],"collection":[{"href":"https:\/\/warelia.fi\/index.php\/wp-json\/wp\/v2\/posts"}],"about":[{"href":"https:\/\/warelia.fi\/index.php\/wp-json\/wp\/v2\/types\/post"}],"author":[{"embeddable":true,"href":"https:\/\/warelia.fi\/index.php\/wp-json\/wp\/v2\/users\/1"}],"replies":[{"embeddable":true,"href":"https:\/\/warelia.fi\/index.php\/wp-json\/wp\/v2\/comments?post=645"}],"version-history":[{"count":14,"href":"https:\/\/warelia.fi\/index.php\/wp-json\/wp\/v2\/posts\/645\/revisions"}],"predecessor-version":[{"id":667,"href":"https:\/\/warelia.fi\/index.php\/wp-json\/wp\/v2\/posts\/645\/revisions\/667"}],"wp:attachment":[{"href":"https:\/\/warelia.fi\/index.php\/wp-json\/wp\/v2\/media?parent=645"}],"wp:term":[{"taxonomy":"category","embeddable":true,"href":"https:\/\/warelia.fi\/index.php\/wp-json\/wp\/v2\/categories?post=645"},{"taxonomy":"post_tag","embeddable":true,"href":"https:\/\/warelia.fi\/index.php\/wp-json\/wp\/v2\/tags?post=645"}],"curies":[{"name":"wp","href":"https:\/\/api.w.org\/{rel}","templated":true}]}}