{"id":675,"date":"2023-11-06T13:13:11","date_gmt":"2023-11-06T11:13:11","guid":{"rendered":"https:\/\/warelia.fi\/?p=675"},"modified":"2024-01-26T14:16:33","modified_gmt":"2024-01-26T12:16:33","slug":"ilvesten-metsastys-poikkeusluvilla","status":"publish","type":"post","link":"https:\/\/warelia.fi\/index.php\/2023\/11\/06\/ilvesten-metsastys-poikkeusluvilla\/","title":{"rendered":"Ilvesten mets\u00e4stys poikkeusluvilla"},"content":{"rendered":"\n<p><em>Hannu S. Laine<\/em><\/p>\n\n\n\n<p>Helsingin Sanomissa on ollut sek\u00e4 artikkelisivuilla ett\u00e4 mielipidekirjoituksissa runsaasti ilvesten mets\u00e4styst\u00e4 vastustavia kirjoituksia. N\u00e4iss\u00e4 kirjoituksissa on ollut my\u00f6s virheellist\u00e4 tietoa.<\/p>\n\n\n\n<p>Ilvesten mets\u00e4stys poikkeusluvilla ei perustu mets\u00e4st\u00e4j\u00e4kunnan tai yksitt\u00e4isten virkamiesten p\u00e4\u00e4t\u00f6ksiin. Suomen eduskunta on s\u00e4\u00e4t\u00e4nyt mets\u00e4styslaissa yhdenmukaisesti EU:n luontodirektiivin kanssa ilveksen rauhoituksen. Samassa laissa on s\u00e4\u00e4detty my\u00f6s, ett\u00e4 ilvest\u00e4 saa mets\u00e4st\u00e4\u00e4 poikkeusluvalla laissa s\u00e4\u00e4dettyjen edellytysten t\u00e4yttyess\u00e4.<\/p>\n\n\n\n<p>Poikkeuslupamenettely l\u00e4htee siit\u00e4, ett\u00e4 Luonnonvarakeskuksen (Luke) petotutkijat julkaisevat joka vuosi kev\u00e4\u00e4ll\u00e4 arvion ilveskannan tilasta. Dokumentti on melko laaja kuvaus ilvesten lukum\u00e4\u00e4r\u00e4st\u00e4 alueittain, niiden terveystilanteesta, lis\u00e4\u00e4ntymisest\u00e4 ja monista muista ilvesten biologiaan liittyvist\u00e4 asioista. Siin\u00e4 on skenaarioita kannan kehityksest\u00e4 ja muun muassa mahdollisen mets\u00e4styksen vaikutuksesta kantaan tulevina vuosina.<\/p>\n\n\n\n<p>Ilveskanta on hyvin runsas erityisesti Etel\u00e4- ja Lounais-Suomen runsaan valkoh\u00e4nt\u00e4peura- ja mets\u00e4kauriskannan alueilla, vaikka monet edelleen luulevat ilvest\u00e4 harvinaiseksi ja jopa uhanalaiseksi. Ilves on reviiriel\u00e4in. Naarasilves, jolla on pentuja, valtaa itselleen reviirin. Se siet\u00e4\u00e4 reviirill\u00e4\u00e4n uroksia ja omat edellisen vuoden pentunsa, muttei toista naarasta, jolla on pentuja. Luken mukaan Suomessa reviirin koko on noin 300 km\u00b2. Edell\u00e4 sanotussa Luken vuosittaisessa arviossa on piirretty karttaan jokaisen ilvespentueen viitteellinen reviiri. Siit\u00e4 n\u00e4kyy, ett\u00e4 runsaan kannan alueella ei ole yht\u00e4\u00e4n vapaita reviirej\u00e4. Niill\u00e4 alueilla ei ilves voi lis\u00e4\u00e4nty\u00e4. Nuori naaras pentuineen saa reviirins\u00e4 vain, kun vanha naaras kuolee.<\/p>\n\n\n\n<p>Luken arvioraportin perusteella Maa- ja mets\u00e4talousministeri\u00f6 antaa asetuksen suurimmasta sallitusta poikkeuslupien m\u00e4\u00e4r\u00e4st\u00e4. Riistakeskuksen virkavastuulla toimiva virkamies p\u00e4\u00e4tt\u00e4\u00e4 direktiivin, lain ja asetusten s\u00e4\u00e4nn\u00f6ksiin sek\u00e4 Luken tieteelliseen tietoon perustuen yksitt\u00e4isist\u00e4 poikkeusluvista. Niist\u00e4 voidaan valittaa oikeuteen ja on valitettukin. Kaikki dokumentit, joiden nojalla p\u00e4\u00e4t\u00f6kset tehd\u00e4\u00e4n, ovat julkisia. J\u00e4rjestelm\u00e4 on demokraattinen ja avoin, kuten julkishallinnon tulee olla.<\/p>\n\n\n\n<p>HS:ss\u00e4 olleiden kirjoitusten perusteella n\u00e4ytt\u00e4\u00e4 silt\u00e4, ett\u00e4 monet ihmiset jakavat el\u00e4inlajit pahiksiin ja pyhimyksiin. Pahislajeja, esimerkiksi valkoh\u00e4nt\u00e4peuroja pit\u00e4isi tappaa mahdollisimman paljon. Pyhiin el\u00e4imiin, kuten ilvekseen ei saisi edes koskea, vaikka niiden kanta kest\u00e4\u00e4 tieteellisesti mitoitettua mets\u00e4styst\u00e4 siin\u00e4, miss\u00e4 pahistenkin. Julkishallinnon tulee perustua tieteelliseen tietoon ja rationaaliseen p\u00e4\u00e4t\u00f6ksentekoon, mihin se nyt perustuu.<\/p>\n\n\n\n<p>Hannu S. Laine<br>Hausj\u00e4rvi<\/p>\n\n\n\n<p><em>Yll\u00e4 oleva mielipidekirjoitus on l\u00e4hetetty Helsingin Sanomien mielipidesivulle l\u00e4hes kaksi viikkoa sitten 24.10. mutta sit\u00e4 ei ole julkaistu. Julkaisemme mielipidekirjoituksen Warelian sivulla siksi, ett\u00e4 se liittyy valmistumassa olevaan kirjaan, jonka Warelia julkaisee huhtikuussa 2024<\/em>.<\/p>\n\n\n\n<p><em>Lue lis\u00e4\u00e4 tulossa olevasta kirjasta ja sen kirjoittajasta:<\/em> <a rel=\"noreferrer noopener\" href=\"https:\/\/issuu.com\/warelia\/docs\/warelia_kevaan_2024_uudet_kirjat\/6\" target=\"_blank\">https:\/\/issuu.com\/warelia\/docs\/warelia_kevaan_2024_uudet_kirjat\/6<\/a><\/p>\n\n\n\n<figure class=\"wp-block-image size-large\"><img loading=\"lazy\" width=\"649\" height=\"1024\" src=\"https:\/\/warelia.fi\/wp-content\/uploads\/2023\/11\/WARELIA_Hannu_S_Laine_Suomalaisen_metsastyksen_tulevaisuus_Etukansi_2024-649x1024.jpg\" alt=\"\" class=\"wp-image-676\" srcset=\"https:\/\/warelia.fi\/wp-content\/uploads\/2023\/11\/WARELIA_Hannu_S_Laine_Suomalaisen_metsastyksen_tulevaisuus_Etukansi_2024-649x1024.jpg 649w, https:\/\/warelia.fi\/wp-content\/uploads\/2023\/11\/WARELIA_Hannu_S_Laine_Suomalaisen_metsastyksen_tulevaisuus_Etukansi_2024-190x300.jpg 190w, https:\/\/warelia.fi\/wp-content\/uploads\/2023\/11\/WARELIA_Hannu_S_Laine_Suomalaisen_metsastyksen_tulevaisuus_Etukansi_2024-768x1211.jpg 768w, https:\/\/warelia.fi\/wp-content\/uploads\/2023\/11\/WARELIA_Hannu_S_Laine_Suomalaisen_metsastyksen_tulevaisuus_Etukansi_2024-974x1536.jpg 974w, https:\/\/warelia.fi\/wp-content\/uploads\/2023\/11\/WARELIA_Hannu_S_Laine_Suomalaisen_metsastyksen_tulevaisuus_Etukansi_2024-1299x2048.jpg 1299w, https:\/\/warelia.fi\/wp-content\/uploads\/2023\/11\/WARELIA_Hannu_S_Laine_Suomalaisen_metsastyksen_tulevaisuus_Etukansi_2024.jpg 1535w\" sizes=\"(max-width: 649px) 100vw, 649px\" \/><\/figure>\n\n\n\n<p>Warelian kev\u00e4\u00e4n 2024 kirjojen katalogi: <a rel=\"noreferrer noopener\" href=\"https:\/\/issuu.com\/warelia\/docs\/warelia_kevaan_2024_uudet_kirjat\/6\" target=\"_blank\">https:\/\/issuu.com\/warelia\/docs\/warelia_kevaan_2024_uudet_kirjat\/<\/a><\/p>\n","protected":false},"excerpt":{"rendered":"<p>Hannu S. Laine Helsingin Sanomissa on ollut sek\u00e4 artikkelisivuilla ett\u00e4 mielipidekirjoituksissa runsaasti ilvesten mets\u00e4styst\u00e4 vastustavia kirjoituksia. N\u00e4iss\u00e4 kirjoituksissa on ollut my\u00f6s virheellist\u00e4 tietoa. Ilvesten mets\u00e4stys poikkeusluvilla ei perustu mets\u00e4st\u00e4j\u00e4kunnan tai yksitt\u00e4isten virkamiesten p\u00e4\u00e4t\u00f6ksiin. Suomen eduskunta on s\u00e4\u00e4t\u00e4nyt mets\u00e4styslaissa yhdenmukaisesti EU:n luontodirektiivin kanssa ilveksen rauhoituksen. Samassa laissa on s\u00e4\u00e4detty my\u00f6s, ett\u00e4&#8230;<\/p>\n","protected":false},"author":1,"featured_media":0,"comment_status":"open","ping_status":"open","sticky":false,"template":"","format":"standard","meta":[],"categories":[1],"tags":[],"_links":{"self":[{"href":"https:\/\/warelia.fi\/index.php\/wp-json\/wp\/v2\/posts\/675"}],"collection":[{"href":"https:\/\/warelia.fi\/index.php\/wp-json\/wp\/v2\/posts"}],"about":[{"href":"https:\/\/warelia.fi\/index.php\/wp-json\/wp\/v2\/types\/post"}],"author":[{"embeddable":true,"href":"https:\/\/warelia.fi\/index.php\/wp-json\/wp\/v2\/users\/1"}],"replies":[{"embeddable":true,"href":"https:\/\/warelia.fi\/index.php\/wp-json\/wp\/v2\/comments?post=675"}],"version-history":[{"count":4,"href":"https:\/\/warelia.fi\/index.php\/wp-json\/wp\/v2\/posts\/675\/revisions"}],"predecessor-version":[{"id":698,"href":"https:\/\/warelia.fi\/index.php\/wp-json\/wp\/v2\/posts\/675\/revisions\/698"}],"wp:attachment":[{"href":"https:\/\/warelia.fi\/index.php\/wp-json\/wp\/v2\/media?parent=675"}],"wp:term":[{"taxonomy":"category","embeddable":true,"href":"https:\/\/warelia.fi\/index.php\/wp-json\/wp\/v2\/categories?post=675"},{"taxonomy":"post_tag","embeddable":true,"href":"https:\/\/warelia.fi\/index.php\/wp-json\/wp\/v2\/tags?post=675"}],"curies":[{"name":"wp","href":"https:\/\/api.w.org\/{rel}","templated":true}]}}