{"id":733,"date":"2024-04-29T07:56:50","date_gmt":"2024-04-29T05:56:50","guid":{"rendered":"https:\/\/warelia.fi\/?p=733"},"modified":"2024-04-29T07:56:51","modified_gmt":"2024-04-29T05:56:51","slug":"suomalaisen-metsastyksen-tulevaisuus-on-nyt-ennakkotilattavissa-suoraan-kotiin","status":"publish","type":"post","link":"https:\/\/warelia.fi\/index.php\/2024\/04\/29\/suomalaisen-metsastyksen-tulevaisuus-on-nyt-ennakkotilattavissa-suoraan-kotiin\/","title":{"rendered":"&#8221;Suomalaisen mets\u00e4styksen tulevaisuus&#8221; on nyt ennakkotilattavissa suoraan kotiin!"},"content":{"rendered":"\n<figure class=\"wp-block-image size-large\"><img loading=\"lazy\" width=\"665\" height=\"1024\" src=\"https:\/\/warelia.fi\/wp-content\/uploads\/2024\/04\/Laine_SMT-1-665x1024.jpg\" alt=\"\" class=\"wp-image-739\" srcset=\"https:\/\/warelia.fi\/wp-content\/uploads\/2024\/04\/Laine_SMT-1-665x1024.jpg 665w, https:\/\/warelia.fi\/wp-content\/uploads\/2024\/04\/Laine_SMT-1-195x300.jpg 195w, https:\/\/warelia.fi\/wp-content\/uploads\/2024\/04\/Laine_SMT-1-768x1182.jpg 768w, https:\/\/warelia.fi\/wp-content\/uploads\/2024\/04\/Laine_SMT-1-rotated.jpg 792w\" sizes=\"(max-width: 665px) 100vw, 665px\" \/><\/figure>\n\n\n\n<p>Tuoreen <a rel=\"noreferrer noopener\" href=\"https:\/\/www.apu.fi\/artikkelit\/mustikka-on-karhun-ravintoa-karhukin-on-tarkea-mustikalle\" data-type=\"URL\" data-id=\"https:\/\/www.apu.fi\/artikkelit\/mustikka-on-karhun-ravintoa-karhukin-on-tarkea-mustikalle\" target=\"_blank\">Apu-lehden jutun<\/a> alussa kerrotaan, ett\u00e4 karhua ei Suomessa &#8221;vihata yht\u00e4 tunnollisesti kuin vaikkapa sutta&#8221;. <\/p>\n\n\n\n<p>Mit\u00e4 tarkoittaa t\u00e4m\u00e4 &#8221;tunnollisesti?&#8221; Vihataanko siis Suomessa sutta &#8221;tunnollisesti&#8221;, ja mit\u00e4 se tarkoittaa, ja mit\u00e4 tarkoittaa, ett\u00e4 karhua &#8221;vihataan&#8221; suteen verrattuna v\u00e4hemm\u00e4n &#8221;tunnollisesti&#8221;?<\/p>\n\n\n\n<p>Sin\u00e4ns\u00e4 asiapohjaiseen lehtijuttuun valitut sana- ja n\u00e4k\u00f6kulmavalinnat ja ehk\u00e4 kuvavalinnatkin viittaavat siihen, ett\u00e4 juttuun on neutraalin tiedonv\u00e4lityksen lis\u00e4ksi leivottu sis\u00e4\u00e4n jonkinlainen pyrkimys v\u00e4hent\u00e4\u00e4 pelkoja ja rauhoitella lukijaa. Ehk\u00e4 se on tarpeen. Mutta pitk\u00e4ll\u00e4 t\u00e4ht\u00e4imell\u00e4 parasta rauhoittelua on toki oikeaan tietoon perustuva j\u00e4rkev\u00e4 toiminta.<\/p>\n\n\n\n<p>Lehtijutussa k\u00e4ytetty vihataan-passiivi j\u00e4tt\u00e4\u00e4 avoimeksi, ketk\u00e4 vihaavat, mutta samalla t\u00e4m\u00e4 ilmaisutapa niputtaa ehk\u00e4 isonkin ihmisjoukon karhuja koskevat ajatukset &#8221;vihaamiseksi&#8221;, ja kun vihaamisen yhteydess\u00e4 puhutaan my\u00f6s &#8221;tunnollisuudesta&#8221;, syntyy vaikutelma etteiv\u00e4t n\u00e4iden ihmisten ajatukset ole rationaalisella pohjalla.<\/p>\n\n\n\n<p>Rationaalisia ajatuksia varten tarvitaan oikeaa tietoa, ei liioittelua mutta ei my\u00f6sk\u00e4\u00e4n v\u00e4h\u00e4ttely\u00e4. Silloin ei ole tarvetta &#8221;vihata&#8221; &#8221;tunnollisesti&#8221; karhuja, susia eik\u00e4 muitakaan el\u00e4imi\u00e4.<\/p>\n\n\n\n<p>Eik\u00e4 mets\u00e4st\u00e4ji\u00e4k\u00e4\u00e4n, sen puoleen.<\/p>\n\n\n\n<p>* * *<\/p>\n\n\n\n<figure class=\"wp-block-image size-large\"><img loading=\"lazy\" width=\"965\" height=\"685\" src=\"https:\/\/warelia.fi\/wp-content\/uploads\/2024\/04\/luken-tuorein-kanta-arvio-2024-2.jpg\" alt=\"\" class=\"wp-image-741\" srcset=\"https:\/\/warelia.fi\/wp-content\/uploads\/2024\/04\/luken-tuorein-kanta-arvio-2024-2.jpg 965w, https:\/\/warelia.fi\/wp-content\/uploads\/2024\/04\/luken-tuorein-kanta-arvio-2024-2-300x213.jpg 300w, https:\/\/warelia.fi\/wp-content\/uploads\/2024\/04\/luken-tuorein-kanta-arvio-2024-2-768x545.jpg 768w\" sizes=\"(max-width: 965px) 100vw, 965px\" \/><\/figure>\n\n\n\n<p>Yll\u00e4 oleva kaavio liittyy Apu-lehden jutun yhteen yksityiskohtaan.<\/p>\n\n\n\n<p>Jutussa kerrotaan Luonnonvarakeskuksen eli Luken tuottamista karhujen kanta-arvioista ja erityisesti viime kuussa julkaistusta kanta-arviosta, jonka mukaan karhujen m\u00e4\u00e4r\u00e4 oli kasvanut edelliseen vuoteen verrattuna viidenneksell\u00e4. T\u00e4t\u00e4 selitet\u00e4\u00e4n j\u00e4rkev\u00e4sti karhunmets\u00e4styksen jyrk\u00e4ll\u00e4 v\u00e4henemisell\u00e4:<\/p>\n\n\n\n<p>&#8221;Lupien kaatumisen vuoksi karhunmets\u00e4stys on j\u00e4\u00e4nyt selv\u00e4sti aiempaa v\u00e4hemm\u00e4ksi. Vuosina 2022\u201323 karhuja kaadettiin noin 150 yksil\u00f6\u00e4 vuodessa. Luke arvioikin, ett\u00e4 nyt havaittu karhukannan kasvu johtuu mets\u00e4st\u00e4misen v\u00e4henemisest\u00e4.&#8221;<\/p>\n\n\n\n<p>Vuonna 2022 &#8211; hallinto-oikeuksien p\u00e4\u00e4t\u00f6sten j\u00e4ljilt\u00e4 &#8211; karhujen mets\u00e4stysm\u00e4\u00e4r\u00e4 oli laskenut vuoden 2021 aikana mets\u00e4stetyist\u00e4 vajaasta 400 yksil\u00f6st\u00e4 alle 150 yksil\u00f6\u00f6n.<\/p>\n\n\n\n<p>Se Avun jutusta ei k\u00e4y ilmi, ett\u00e4 Luken tuorein arvio on varsin toisenlainen kuin Luken vuotta aikaisemmin julkaisema arvio. Vuoden 2023 kev\u00e4\u00e4ll\u00e4 julkaistun Luken arvion mukaan karhukanta oli pienentynyt huomattavasti edellisvuodesta, vaikka mets\u00e4stys oli siis jo vuonna 2022 jyrk\u00e4sti v\u00e4hentynyt:<\/p>\n\n\n\n<figure class=\"wp-block-image size-large\"><img loading=\"lazy\" width=\"925\" height=\"609\" src=\"https:\/\/warelia.fi\/wp-content\/uploads\/2024\/04\/karhukanta-2.jpg\" alt=\"\" class=\"wp-image-737\" srcset=\"https:\/\/warelia.fi\/wp-content\/uploads\/2024\/04\/karhukanta-2.jpg 925w, https:\/\/warelia.fi\/wp-content\/uploads\/2024\/04\/karhukanta-2-300x198.jpg 300w, https:\/\/warelia.fi\/wp-content\/uploads\/2024\/04\/karhukanta-2-768x506.jpg 768w\" sizes=\"(max-width: 925px) 100vw, 925px\" \/><\/figure>\n\n\n\n<p>Apu-lehden jutussa haastateltu Luonnonvarakeskuksen tutkimusprofessori Ilpo Kojola vastasi esitettyyn kritiikkiin tuoreeltaan vuonna 2023 ja totesi siin\u00e4, ett\u00e4 mets\u00e4stysverotuksen muutosten vaikutukset tulevat esiin useamman vuoden aikaj\u00e4nteell\u00e4 ja ett\u00e4 &#8221;Luonnonvarakeskus pyrkii vastaamaan haasteisiin arviointimenetelmi\u00e4 kehitt\u00e4m\u00e4ll\u00e4&#8221;: <a href=\"https:\/\/www.luke.fi\/fi\/blogit\/kuinka-todellista-on-karhukannan-vahentyminen\">https:\/\/www.luke.fi\/fi\/blogit\/kuinka-todellista-on-karhukannan-vahentyminen<\/a><\/p>\n\n\n\n<p>Hyv\u00e4 n\u00e4in, vaikka kiistanalaiseksi j\u00e4i, oliko karhukannan noin jyrk\u00e4lle pienenemiselle vuonna 2022 uskottavaa kokonaisselityst\u00e4 vai oliko kanta-arvio sittenkin ainakin osittain vinoutunut puutteellisen havaintoaineiston vuoksi.<\/p>\n\n\n\n<p>Parhaaseen mahdolliseen tietoonkin perustuvat kanta-arviot ovat aina vain likim\u00e4\u00e4r\u00e4isi\u00e4 arvioita. L\u00e4ht\u00f6kohdiltaan ne perustuvat suureksi osaksi mets\u00e4st\u00e4jien tekemiin havaintoihin. Kun mets\u00e4st\u00e4j\u00e4t eiv\u00e4t aktiivisesti mets\u00e4st\u00e4 karhuja, niit\u00e4 havaitaan v\u00e4hemm\u00e4n. Suuri osa arvioinnin pohjaksi ker\u00e4tt\u00e4v\u00e4st\u00e4 tiedosta perustunee jatkossakin mets\u00e4st\u00e4jien tekem\u00e4\u00e4n havainnointiin, mutta arviointimenetelmien monipuolistuessa p\u00e4\u00e4telmien luotettavuus kasvaa.<\/p>\n\n\n\n<p>Uusimman eli t\u00e4n\u00e4 kev\u00e4\u00e4n\u00e4 julkaistun arvion mukaan karhukanta siis on, edellisen vuoden &#8211; ainakin kokonaisuudessaan vaikeasti selitett\u00e4v\u00e4n &#8211; jyrk\u00e4n notkahduksen j\u00e4lkeen, taas huomattavasti kasvanut.<\/p>\n\n\n\n<p>On todella t\u00e4rke\u00e4\u00e4, ett\u00e4 Luonnonvarakeskus tuottaa mahdollisimman oikeita arvioita yleisen tilannekuvan ja my\u00f6s p\u00e4\u00e4t\u00f6ksenteon tueksi, ja n\u00e4iden arvioiden pohjaksi tarvitaan jatkossakin mets\u00e4st\u00e4jien tekem\u00e4\u00e4 laajaa tiedonkeruuta.<\/p>\n\n\n\n<p>Lis\u00e4\u00e4 tietoa mets\u00e4st\u00e4jien tekem\u00e4st\u00e4 tiedonkeruusta ja mets\u00e4st\u00e4jien n\u00e4k\u00f6kulmasta muutenkin voi lukea valtakunnallisen riistaneuvoston puheenjohtajana toimineen Hannu S. Laineen pian ilmestyv\u00e4st\u00e4 kirjasta &#8221;Suomalaisen mets\u00e4styksen tulevaisuus&#8221;. Lue lis\u00e4\u00e4 kirjasta ja sen kirjoittajasta:<\/p>\n\n\n\n<p><a rel=\"noreferrer noopener\" href=\"https:\/\/holvi.com\/shop\/tyrvaanpryki\/product\/bf079768542e5ef2a288806bdfa43dec\/\" target=\"_blank\">Suomalaisen mets\u00e4styksen tulevaisuus (kustantajan verkkokaupassa)<\/a><\/p>\n\n\n\n<p><a rel=\"noreferrer noopener\" href=\"https:\/\/www.facebook.com\/kustannusliike\/posts\/1180812686546603\" data-type=\"URL\" data-id=\"https:\/\/www.facebook.com\/kustannusliike\/posts\/1180812686546603\" target=\"_blank\">Suomalaisen mets\u00e4styksen tulevaisuus (Facebookissa)<\/a><\/p>\n\n\n\n<p>Apu-lehden juttu: <a href=\"https:\/\/www.apu.fi\/artikkelit\/mustikka-on-karhun-ravintoa-karhukin-on-tarkea-mustikalle\">https:\/\/www.apu.fi\/artikkelit\/mustikka-on-karhun-ravintoa-karhukin-on-tarkea-mustikalle<\/a><\/p>\n\n\n\n<figure class=\"wp-block-image size-large\"><img loading=\"lazy\" width=\"918\" height=\"847\" src=\"https:\/\/warelia.fi\/wp-content\/uploads\/2024\/04\/mustikka.jpg\" alt=\"\" class=\"wp-image-738\" srcset=\"https:\/\/warelia.fi\/wp-content\/uploads\/2024\/04\/mustikka.jpg 918w, https:\/\/warelia.fi\/wp-content\/uploads\/2024\/04\/mustikka-300x277.jpg 300w, https:\/\/warelia.fi\/wp-content\/uploads\/2024\/04\/mustikka-768x709.jpg 768w\" sizes=\"(max-width: 918px) 100vw, 918px\" \/><\/figure>\n","protected":false},"excerpt":{"rendered":"<p>Tuoreen Apu-lehden jutun alussa kerrotaan, ett\u00e4 karhua ei Suomessa &#8221;vihata yht\u00e4 tunnollisesti kuin vaikkapa sutta&#8221;. Mit\u00e4 tarkoittaa t\u00e4m\u00e4 &#8221;tunnollisesti?&#8221; Vihataanko siis Suomessa sutta &#8221;tunnollisesti&#8221;, ja mit\u00e4 se tarkoittaa, ja mit\u00e4 tarkoittaa, ett\u00e4 karhua &#8221;vihataan&#8221; suteen verrattuna v\u00e4hemm\u00e4n &#8221;tunnollisesti&#8221;? Sin\u00e4ns\u00e4 asiapohjaiseen lehtijuttuun valitut sana- ja n\u00e4k\u00f6kulmavalinnat ja ehk\u00e4 kuvavalinnatkin viittaavat siihen,&#8230;<\/p>\n","protected":false},"author":1,"featured_media":0,"comment_status":"open","ping_status":"open","sticky":false,"template":"","format":"standard","meta":[],"categories":[1],"tags":[],"_links":{"self":[{"href":"https:\/\/warelia.fi\/index.php\/wp-json\/wp\/v2\/posts\/733"}],"collection":[{"href":"https:\/\/warelia.fi\/index.php\/wp-json\/wp\/v2\/posts"}],"about":[{"href":"https:\/\/warelia.fi\/index.php\/wp-json\/wp\/v2\/types\/post"}],"author":[{"embeddable":true,"href":"https:\/\/warelia.fi\/index.php\/wp-json\/wp\/v2\/users\/1"}],"replies":[{"embeddable":true,"href":"https:\/\/warelia.fi\/index.php\/wp-json\/wp\/v2\/comments?post=733"}],"version-history":[{"count":8,"href":"https:\/\/warelia.fi\/index.php\/wp-json\/wp\/v2\/posts\/733\/revisions"}],"predecessor-version":[{"id":748,"href":"https:\/\/warelia.fi\/index.php\/wp-json\/wp\/v2\/posts\/733\/revisions\/748"}],"wp:attachment":[{"href":"https:\/\/warelia.fi\/index.php\/wp-json\/wp\/v2\/media?parent=733"}],"wp:term":[{"taxonomy":"category","embeddable":true,"href":"https:\/\/warelia.fi\/index.php\/wp-json\/wp\/v2\/categories?post=733"},{"taxonomy":"post_tag","embeddable":true,"href":"https:\/\/warelia.fi\/index.php\/wp-json\/wp\/v2\/tags?post=733"}],"curies":[{"name":"wp","href":"https:\/\/api.w.org\/{rel}","templated":true}]}}