{"id":793,"date":"2024-06-23T21:39:20","date_gmt":"2024-06-23T19:39:20","guid":{"rendered":"https:\/\/warelia.fi\/?p=793"},"modified":"2024-06-23T22:01:10","modified_gmt":"2024-06-23T20:01:10","slug":"tule-tapaamaan-suosikkikirjailijaa-warelian-osastolle","status":"publish","type":"post","link":"https:\/\/warelia.fi\/index.php\/2024\/06\/23\/tule-tapaamaan-suosikkikirjailijaa-warelian-osastolle\/","title":{"rendered":"TULE TAPAAMAAN SUOSIKKIKIRJAILIJAA VANHAN KIRJALLISUUDEN P\u00c4IVILLE!"},"content":{"rendered":"\n<figure class=\"wp-block-gallery columns-3 is-cropped\"><ul class=\"blocks-gallery-grid\"><li class=\"blocks-gallery-item\"><figure><img loading=\"lazy\" width=\"678\" height=\"801\" src=\"https:\/\/warelia.fi\/wp-content\/uploads\/2024\/06\/Marjo_kirjailijakuva.jpg\" alt=\"\" data-id=\"798\" data-link=\"https:\/\/warelia.fi\/?attachment_id=798\" class=\"wp-image-798\" srcset=\"https:\/\/warelia.fi\/wp-content\/uploads\/2024\/06\/Marjo_kirjailijakuva.jpg 678w, https:\/\/warelia.fi\/wp-content\/uploads\/2024\/06\/Marjo_kirjailijakuva-254x300.jpg 254w\" sizes=\"(max-width: 678px) 100vw, 678px\" \/><\/figure><\/li><li class=\"blocks-gallery-item\"><figure><img loading=\"lazy\" width=\"846\" height=\"1024\" src=\"https:\/\/warelia.fi\/wp-content\/uploads\/2024\/06\/Matti-Kuusela-Kirjailijakuva-1-1-846x1024.jpg\" alt=\"\" data-id=\"799\" data-link=\"https:\/\/warelia.fi\/?attachment_id=799\" class=\"wp-image-799\" srcset=\"https:\/\/warelia.fi\/wp-content\/uploads\/2024\/06\/Matti-Kuusela-Kirjailijakuva-1-1-846x1024.jpg 846w, https:\/\/warelia.fi\/wp-content\/uploads\/2024\/06\/Matti-Kuusela-Kirjailijakuva-1-1-248x300.jpg 248w, https:\/\/warelia.fi\/wp-content\/uploads\/2024\/06\/Matti-Kuusela-Kirjailijakuva-1-1-768x930.jpg 768w, https:\/\/warelia.fi\/wp-content\/uploads\/2024\/06\/Matti-Kuusela-Kirjailijakuva-1-1-1269x1536.jpg 1269w, https:\/\/warelia.fi\/wp-content\/uploads\/2024\/06\/Matti-Kuusela-Kirjailijakuva-1-1-1692x2048.jpg 1692w\" sizes=\"(max-width: 846px) 100vw, 846px\" \/><\/figure><\/li><li class=\"blocks-gallery-item\"><figure><img loading=\"lazy\" width=\"546\" height=\"783\" src=\"https:\/\/warelia.fi\/wp-content\/uploads\/2024\/06\/Vesa_Vares_kirjailijakuva-1-1.jpg\" alt=\"\" data-id=\"800\" data-full-url=\"https:\/\/warelia.fi\/wp-content\/uploads\/2024\/06\/Vesa_Vares_kirjailijakuva-1-1.jpg\" data-link=\"https:\/\/warelia.fi\/?attachment_id=800\" class=\"wp-image-800\" srcset=\"https:\/\/warelia.fi\/wp-content\/uploads\/2024\/06\/Vesa_Vares_kirjailijakuva-1-1.jpg 546w, https:\/\/warelia.fi\/wp-content\/uploads\/2024\/06\/Vesa_Vares_kirjailijakuva-1-1-209x300.jpg 209w\" sizes=\"(max-width: 546px) 100vw, 546px\" \/><\/figure><\/li><\/ul><figcaption class=\"blocks-gallery-caption\">Marjo Anttoora (vas.), Matti Kuusela ja Vesa Vares.<\/figcaption><\/figure>\n\n\n\n<p>Vanhan kirjallisuuden p\u00e4ivi\u00e4 vietet\u00e4\u00e4n Sastamalassa t\u00e4n\u00e4 kes\u00e4n\u00e4 jo 40. kerran. Juhlavuoden 2024 teemana on JUHLA. Warelian osasto on tutussa paikassa Sylv\u00e4\u00e4n koulun 2. kerroksessa (osasto 5). Warelian kirjailijat ovat osastolla tavattavissa ja signeeraamassa teoksiaan molempina p\u00e4ivin\u00e4 28.\u201329.6. seuraavasti:<\/p>\n\n\n\n<p><br><strong>PERJANTAIN 28.6. SIGNEERAUSTUOKIOT&nbsp;WARELIAN OSASTOLLA:<\/strong><\/p>\n\n\n\n<p>12.00\u201312.30: <strong>Mikko Lahtinen<\/strong> signeeraa teosta <em>Kertomus Vammalan kaupungista 1979<\/em><\/p>\n\n\n\n<p>12.30\u201313.00: <strong>Marjo Anttoora<\/strong> signeeraa teosta <em>J\u00e4k\u00e4l\u00e4syd\u00e4n<\/em><\/p>\n\n\n\n<p>13.00\u201313.30: <strong>Vesa Vares <\/strong>signeeraa teosta <em>Luoti lehtitalossa<\/em><\/p>\n\n\n\n<p>13.30\u201314.00: <strong>Jari Olavi Hiltunen<\/strong> signeeraa teosta <em>Ahmatova<\/em><\/p>\n\n\n\n<p>14.00\u201314.30: <strong>Ilona Tomi<\/strong> signeeraa teosta <em>Huijari<\/em><\/p>\n\n\n\n<p>14.30\u201315.00: <strong>Olavi Toivola<\/strong> signeeraa teosta <em>Musta kuningas<\/em><\/p>\n\n\n\n<p><\/p>\n\n\n\n<p><br><strong>LAUANTAINA 29.6. SIGNEERAUSTUNNIT&nbsp;WARELIAN OSASTOLLA:<\/strong><\/p>\n\n\n\n<p>12.00\u201313.00: <strong>Pirjo Silveri<\/strong> signeeraa teosta <em>HYVV\u00c4\u00c4! Sastamalan ruokaperinnekirja<\/em><\/p>\n\n\n\n<p>13.00\u201314.00: <strong>Matti Kuusela <\/strong>signeeraa teosta <em>Journalisti \u2013 Toisenlainen toimittaja<\/em> <\/p>\n\n\n\n<p>14.00\u201315.00: <strong>Heikki Halila<\/strong> signeeraa teosta <em>Professori ja valtiomies<\/em><br><\/p>\n\n\n\n<p>*<\/p>\n\n\n\n<p>Kaikki kirjat tapahtuman ajan \u201320 %.<\/p>\n\n\n\n<p>Lis\u00e4ksi erityisi\u00e4 JUHLATARJOUKSIA paikallisia aiheita k\u00e4sitteleville kirjoille.<\/p>\n\n\n\n<p><\/p>\n\n\n\n<p>*<\/p>\n\n\n\n<p>Ks. my\u00f6s Warelian yhdess\u00e4 Vanhan kirjallisuuden p\u00e4ivien kanssa tuottamat ohjelmat:<\/p>\n\n\n\n<p><a href=\"https:\/\/vanhankirjallisuudenpaivat.com\/2023\/kirjailijalava\/\">Kirjailijalava \u2022 Vanhan kirjallisuuden p\u00e4iv\u00e4t (vanhankirjallisuudenpaivat.com)<\/a><\/p>\n\n\n\n<p><a href=\"https:\/\/vanhankirjallisuudenpaivat.com\/2023\/tyrvaalainen-tryki\/\">Tyrv\u00e4\u00e4l\u00e4inen tryki \u2022 Vanhan kirjallisuuden p\u00e4iv\u00e4t (vanhankirjallisuudenpaivat.com)<\/a><\/p>\n\n\n\n<p><\/p>\n\n\n\n<p>Heikki Halila Tyrv\u00e4\u00e4l\u00e4isess\u00e4 trykiss\u00e4 lauantaina 29.6.:<\/p>\n\n\n\n<figure class=\"wp-block-image size-large\"><img loading=\"lazy\" width=\"882\" height=\"1024\" src=\"https:\/\/warelia.fi\/wp-content\/uploads\/2024\/06\/heikki_kkkk-1-882x1024.jpg\" alt=\"\" class=\"wp-image-807\" srcset=\"https:\/\/warelia.fi\/wp-content\/uploads\/2024\/06\/heikki_kkkk-1-882x1024.jpg 882w, https:\/\/warelia.fi\/wp-content\/uploads\/2024\/06\/heikki_kkkk-1-258x300.jpg 258w, https:\/\/warelia.fi\/wp-content\/uploads\/2024\/06\/heikki_kkkk-1-768x892.jpg 768w, https:\/\/warelia.fi\/wp-content\/uploads\/2024\/06\/heikki_kkkk-1.jpg 1025w\" sizes=\"(max-width: 882px) 100vw, 882px\" \/><figcaption>Heikki Halila<\/figcaption><\/figure>\n","protected":false},"excerpt":{"rendered":"<p>Vanhan kirjallisuuden p\u00e4ivi\u00e4 vietet\u00e4\u00e4n Sastamalassa t\u00e4n\u00e4 kes\u00e4n\u00e4 jo 40. kerran. Juhlavuoden 2024 teemana on JUHLA. Warelian osasto on tutussa paikassa Sylv\u00e4\u00e4n koulun 2. kerroksessa (osasto 5). Warelian kirjailijat ovat osastolla tavattavissa ja signeeraamassa teoksiaan molempina p\u00e4ivin\u00e4 28.\u201329.6. seuraavasti: PERJANTAIN 28.6. SIGNEERAUSTUOKIOT&nbsp;WARELIAN OSASTOLLA: 12.00\u201312.30: Mikko Lahtinen signeeraa teosta Kertomus Vammalan kaupungista&#8230;<\/p>\n","protected":false},"author":1,"featured_media":0,"comment_status":"open","ping_status":"open","sticky":false,"template":"","format":"standard","meta":[],"categories":[1],"tags":[],"_links":{"self":[{"href":"https:\/\/warelia.fi\/index.php\/wp-json\/wp\/v2\/posts\/793"}],"collection":[{"href":"https:\/\/warelia.fi\/index.php\/wp-json\/wp\/v2\/posts"}],"about":[{"href":"https:\/\/warelia.fi\/index.php\/wp-json\/wp\/v2\/types\/post"}],"author":[{"embeddable":true,"href":"https:\/\/warelia.fi\/index.php\/wp-json\/wp\/v2\/users\/1"}],"replies":[{"embeddable":true,"href":"https:\/\/warelia.fi\/index.php\/wp-json\/wp\/v2\/comments?post=793"}],"version-history":[{"count":9,"href":"https:\/\/warelia.fi\/index.php\/wp-json\/wp\/v2\/posts\/793\/revisions"}],"predecessor-version":[{"id":813,"href":"https:\/\/warelia.fi\/index.php\/wp-json\/wp\/v2\/posts\/793\/revisions\/813"}],"wp:attachment":[{"href":"https:\/\/warelia.fi\/index.php\/wp-json\/wp\/v2\/media?parent=793"}],"wp:term":[{"taxonomy":"category","embeddable":true,"href":"https:\/\/warelia.fi\/index.php\/wp-json\/wp\/v2\/categories?post=793"},{"taxonomy":"post_tag","embeddable":true,"href":"https:\/\/warelia.fi\/index.php\/wp-json\/wp\/v2\/tags?post=793"}],"curies":[{"name":"wp","href":"https:\/\/api.w.org\/{rel}","templated":true}]}}