{"id":815,"date":"2024-07-03T12:32:33","date_gmt":"2024-07-03T10:32:33","guid":{"rendered":"https:\/\/warelia.fi\/?p=815"},"modified":"2024-07-03T12:32:35","modified_gmt":"2024-07-03T10:32:35","slug":"musta-laatikko-kahvilahaastattelu","status":"publish","type":"post","link":"https:\/\/warelia.fi\/index.php\/2024\/07\/03\/musta-laatikko-kahvilahaastattelu\/","title":{"rendered":"Musta laatikko -kahvilahaastattelu"},"content":{"rendered":"\n<figure class=\"wp-block-embed-youtube wp-block-embed is-type-video is-provider-youtube wp-embed-aspect-16-9 wp-has-aspect-ratio\"><div class=\"wp-block-embed__wrapper\">\n<iframe title=\"Musta laatikko -kahvilahaastattelussa kysyt\u00e4\u00e4n, millainen on Warelia-kustantamon toimintafilosofia.\" width=\"790\" height=\"444\" src=\"https:\/\/www.youtube.com\/embed\/2Vsfdxeht2c?feature=oembed\" frameborder=\"0\" allow=\"accelerometer; autoplay; clipboard-write; encrypted-media; gyroscope; picture-in-picture; web-share\" referrerpolicy=\"strict-origin-when-cross-origin\" allowfullscreen><\/iframe>\n<\/div><\/figure>\n\n\n\n<p>Hannu Gr\u00e9n haastatteli Marko Vesterbackaa Pyym\u00e4en kahvilassa Sastamalassa 31. toukokuuta 2024.<\/p>\n\n\n\n<p>Polveilevassa haastattelu nousi esiin mm. ajatuksia kirja-alan n\u00e4kymist\u00e4, kustantamon ajankohtaisista kuulumisista, huomiotalouden vaatimuksista ja Warelia-kustantamon toimintafilosofiasta. Sitaatti on haastattelun lopusta.<\/p>\n\n\n\n<p>Haastattelutallenteen ensiesitys SCM Radiossa 28.6.2024.<\/p>\n\n\n\n<p>Haastattelun tekstiversio on julkaistu kulttuurilehti L\u00e4rp\u00e4kkeess\u00e4 kes\u00e4kuussa 2024.<\/p>\n\n\n\n<p>Kuva Marko Vesterbackasta: Hannu Gr\u00e9n.<\/p>\n","protected":false},"excerpt":{"rendered":"<p>Hannu Gr\u00e9n haastatteli Marko Vesterbackaa Pyym\u00e4en kahvilassa Sastamalassa 31. toukokuuta 2024. Polveilevassa haastattelu nousi esiin mm. ajatuksia kirja-alan n\u00e4kymist\u00e4, kustantamon ajankohtaisista kuulumisista, huomiotalouden vaatimuksista ja Warelia-kustantamon toimintafilosofiasta. Sitaatti on haastattelun lopusta. Haastattelutallenteen ensiesitys SCM Radiossa 28.6.2024. Haastattelun tekstiversio on julkaistu kulttuurilehti L\u00e4rp\u00e4kkeess\u00e4 kes\u00e4kuussa 2024. Kuva Marko Vesterbackasta: Hannu Gr\u00e9n.<\/p>\n","protected":false},"author":1,"featured_media":0,"comment_status":"open","ping_status":"open","sticky":false,"template":"","format":"standard","meta":[],"categories":[1],"tags":[],"_links":{"self":[{"href":"https:\/\/warelia.fi\/index.php\/wp-json\/wp\/v2\/posts\/815"}],"collection":[{"href":"https:\/\/warelia.fi\/index.php\/wp-json\/wp\/v2\/posts"}],"about":[{"href":"https:\/\/warelia.fi\/index.php\/wp-json\/wp\/v2\/types\/post"}],"author":[{"embeddable":true,"href":"https:\/\/warelia.fi\/index.php\/wp-json\/wp\/v2\/users\/1"}],"replies":[{"embeddable":true,"href":"https:\/\/warelia.fi\/index.php\/wp-json\/wp\/v2\/comments?post=815"}],"version-history":[{"count":1,"href":"https:\/\/warelia.fi\/index.php\/wp-json\/wp\/v2\/posts\/815\/revisions"}],"predecessor-version":[{"id":816,"href":"https:\/\/warelia.fi\/index.php\/wp-json\/wp\/v2\/posts\/815\/revisions\/816"}],"wp:attachment":[{"href":"https:\/\/warelia.fi\/index.php\/wp-json\/wp\/v2\/media?parent=815"}],"wp:term":[{"taxonomy":"category","embeddable":true,"href":"https:\/\/warelia.fi\/index.php\/wp-json\/wp\/v2\/categories?post=815"},{"taxonomy":"post_tag","embeddable":true,"href":"https:\/\/warelia.fi\/index.php\/wp-json\/wp\/v2\/tags?post=815"}],"curies":[{"name":"wp","href":"https:\/\/api.w.org\/{rel}","templated":true}]}}