{"id":819,"date":"2024-07-24T12:46:39","date_gmt":"2024-07-24T10:46:39","guid":{"rendered":"https:\/\/warelia.fi\/?p=819"},"modified":"2024-08-01T05:22:11","modified_gmt":"2024-08-01T03:22:11","slug":"kirjakorttelin-yon-kirjallinen-ohjelma-pe-la-9-10-8-2024","status":"publish","type":"post","link":"https:\/\/warelia.fi\/index.php\/2024\/07\/24\/kirjakorttelin-yon-kirjallinen-ohjelma-pe-la-9-10-8-2024\/","title":{"rendered":"Kirjakorttelin Y\u00f6n kirjallinen ohjelma pe\u2013la 9.\u201310.8.2024"},"content":{"rendered":"\n<p>Kirjakorttelin Y\u00f6n kirjallinen ohjelma alkaa perjantaina 9.8. kello 15 Tyrv\u00e4\u00e4n Kirjakaupassa ja p\u00e4\u00e4ttyy lauantaina 10.8. pikkutunneilla Warelian kes\u00e4kirjakaupassa Tyrv\u00e4\u00e4n Prykiss\u00e4. Alla ohjelma tapahtumapaikoittain:<\/p>\n\n\n\n<p><strong>TAPAHTUU TYRV\u00c4\u00c4N KIRJAKAUPASSA:<\/strong><\/p>\n\n\n\n<p>\u2022 15.00\u201315.25 (Kirjakellari): Matti Kuusela kertoo Tyrv\u00e4\u00e4n Kirjakaupan Kirjakellarissa siell\u00e4 tekemist\u00e4\u00e4n kirjal\u00f6yd\u00f6ist\u00e4, jututtajana Marko Vesterbacka. Huom: osallistujam\u00e4\u00e4r\u00e4 Kirjakellarin sokkeloisuuden takia enint\u00e4\u00e4n 25 henke\u00e4 \u2013 ole paikalla ajoissa, niin varmistat ett\u00e4 p\u00e4\u00e4set mukaan.<br>\u2022 15.30\u201315.45: Annastuunan vartti. \u201dL\u00e4nsi-Suomen Orfeus\u201d Juha Jyrk\u00e4s kertoo l\u00e4nsisuomalaisista lemmenloitsuista ja niiden suurmuistajasta, Kirjakorttelin tuntumassa asuneesta tyrv\u00e4\u00e4l\u00e4isest\u00e4 Annastuuna Korkeem\u00e4est\u00e4 (1833\u20131906).<br>\u2022 15.30\u201320.30: Kirjailijoiden signeeraustunteja:<\/p>\n\n\n\n<blockquote class=\"wp-block-quote\"><p><span class=\"has-inline-color has-black-color\">15.30\u201316.30 Mikko K. Heikkil\u00e4 ja Aki Rasilainen<\/span><\/p><p><span class=\"has-inline-color has-black-color\">16.30\u201317.30 Marjo Anttoora ja Hannu S. Laine<\/span><\/p><p><span class=\"has-inline-color has-black-color\">17.30\u201318.30 Irja Aro-Heinil\u00e4 ja Mikko Lahtinen<\/span><\/p><p><span class=\"has-inline-color has-black-color\">18.30\u201319.30 Matti Kuusela ja Anni Kyt\u00f6m\u00e4ki<\/span><\/p><p><span class=\"has-inline-color has-black-color\">19.30\u201320.30 Jukka-Pekka Palviainen ja Vesa Vares<\/span><\/p><\/blockquote>\n\n\n\n<p><br>\u2022 20.30\u201320.45: Annastuunan vartti. \u201dL\u00e4nsi-Suomen Orfeus\u201d Juha Jyrk\u00e4s kertoo l\u00e4nsisuomalaisista lemmenloitsuista ja niiden suurmuistajasta, Kirjakorttelin tuntumassa asuneesta tyrv\u00e4\u00e4l\u00e4isest\u00e4 Annastuuna Korkeem\u00e4est\u00e4 (1833\u20131906).<\/p>\n\n\n\n<p><em>Haka Kustannuksen kirjap\u00f6yt\u00e4 Tyrv\u00e4\u00e4n Kirjakaupassa kello 15\u201321.<\/em><\/p>\n\n\n\n<p><strong>TAPAHTUU ANTIKVARIAATTI TYRW\u00c4\u00c4SS\u00c4:<\/strong><\/p>\n\n\n\n<p>\u2022 16.00\u201316.05: Kielletyt kirjat -vitriinin\u00e4yttelyn avaussanat. Antikvariaatin pit\u00e4j\u00e4 Jokke M\u00e4kinen kertoo siit\u00e4 hetkest\u00e4, jona kirjanker\u00e4ilij\u00e4 Timo Lappalaisen kiellettyjen kirjojen kokoelmasta tuli t\u00e4ydellinen. Jututtajana Marko Vesterbacka.<br>\u2022 16.15\u201316.45: Tommi Parkon vet\u00e4m\u00e4 Runoware-tuokio.<br>\u2022 18.00 alkaen: Kirjansidontan\u00e4yt\u00f6s. Kirjanker\u00e4ilij\u00e4 Timo Lappalainen sitoo kirjaa ja vastailee samalla kysymyksiin kiellettyjen kirjojen vitriinin\u00e4yttelyst\u00e4, jonka kirjat ovat h\u00e4nen kokoelmastaan.<br>\u2022 21.15\u201321.45: Tommi Parkon vet\u00e4m\u00e4 Runoware-tuokio.<\/p>\n\n\n\n<p><em>Kustannusliike Parkon kirjap\u00f6yt\u00e4 Antikvariaatti Tyrw\u00e4\u00e4ss\u00e4 kello 15\u201322.<\/em><\/p>\n\n\n\n<p><strong>TAPAHTUU FUNKKISTALOSSA:<\/strong><\/p>\n\n\n\n<p>\u2022 17.00\u201317.45 (yl\u00e4sali): Mik\u00e4 arvo painetuilla kirjoilla viel\u00e4 on? Millaiset kirjat ansaitsevat tulla paperille painetuiksi nyt ja tulevaisuudessa? Kirjailija, Luonnonperint\u00f6s\u00e4\u00e4ti\u00f6n hallituksen puheenjohtaja Anni Kyt\u00f6m\u00e4ke\u00e4 haastattelee Matti Kuusela. Kyt\u00f6m\u00e4ki kertoo haastattelussa my\u00f6s, miten yksi Sastamalan tunnetuimmista luontokohteista on juuri pystytty hankkimaan Luonnonperint\u00f6s\u00e4\u00e4ti\u00f6n omistukseen.<\/p>\n\n\n\n<p>\u2022 17.50\u201318.20 (yl\u00e4sali): Luonnonperint\u00f6s\u00e4\u00e4ti\u00f6n ja Ikimets\u00e4n yst\u00e4v\u00e4t ry:n edustajat tiedottavat tarkemmin Kyt\u00f6m\u00e4en haastattelussa kerrotusta hankinnasta ja alueeseen liittyvist\u00e4 suunnitelmista ja vastailevat kysymyksiin.<\/p>\n\n\n\n<p>\u2022 18.45\u201319.45 (yl\u00e4sali): Sepite ja totuus suomalaisessa historiankirjoituksessa ja suomalaisen median historiajutuissa. Kolme er\u00e4\u00e4: 1) Millainen historia-aiheita koskeva keskustelu p\u00e4\u00e4see esille mediassa? Miss\u00e4 toimittajien olisi syyt\u00e4 petrata, kun he k\u00e4sittelev\u00e4t historiaa ja siit\u00e4 tehty\u00e4 tutkimusta? 2) Surmasiko Lalli piispa Henrikin vai ei? 3) Pidettiink\u00f6 Porvoossa vuonna 1809 valtiop\u00e4iv\u00e4t vai ei? Hovioikeudenneuvos, dosentti Aki Rasilainen keskustelee yliopistonlehtori, dosentti Mikko K. Heikkil\u00e4n kanssa, yliopistonlehtori, dosentti Mikko Lahtinen juontaa.<\/p>\n\n\n\n<p>\u2022 20.00\u201320.45 (yl\u00e4sali): Miten kirjallisuus luo yhteyden ihmisten v\u00e4lille? Filosofinen iltatuokio. Filosofian opiskelija Santeri Skofelt ja filosofian opettaja Kasper Kouvo keskustelevat.<\/p>\n\n\n\n<p><em>Vastapainon kirjap\u00f6yt\u00e4 Funkkistalon yl\u00e4salissa kello 17\u201321<\/em>.<\/p>\n\n\n\n<p><strong>TAPAHTUU PUKSTAAVISSA:<\/strong><\/p>\n\n\n\n<p>\u2022 15.00\u201318.00 (kahvila): Kirjansidontan\u00e4yt\u00f6s. Kirjatar eli kirjansitojamestari Tarja Rajakangas sitoo kirjaa kahvilan p\u00f6yd\u00e4n \u00e4\u00e4ress\u00e4. N\u00e4ht\u00e4vill\u00e4 on my\u00f6s h\u00e4nen palkittuja n\u00e4yttelykirjojaan.<\/p>\n\n\n\n<p>\u2022 18.00\u201318.30 (tapahtumasali): Mist\u00e4 maailman pohjoisin suomalainen kirjailija kirjoittaa? Huippuvuorilla asuva Paula Sankelo kertoo kirjanjulkistushaastattelussa runokirjansa Katoava j\u00e4\u00e4 taustoista ja lukee kirjan runoja.<br>\u2022 19.00\u201319.30 (tapahtumasali): Paketinpurkukirjanjulkistus. Mit\u00e4 voisi tapahtua, kun ihmiset lopulta kyll\u00e4styv\u00e4t poliitikkojen kyvytt\u00f6myyteen suojella Suomen luontoa monikansallisilta kaivosyhti\u00f6ilt\u00e4? Jarmo Teinil\u00e4 kertoo kirjanjulkistushaastattelussa trillerist\u00e4\u00e4n Ep\u00e4pyh\u00e4 allianssi. My\u00f6s kirjailija ja kustantaja n\u00e4kev\u00e4t painetun kirjan t\u00e4ss\u00e4 tilaisuudessa ensimm\u00e4isen kerran.<br>\u2022 20.00\u201320.30 (tapahtumasali): Paketinpurkukirjanjulkistus. Mit\u00e4 voisi tapahtua, jos yksi kaikkien aikojen suurimmista suomalaisista j\u00e4\u00e4kiekkoilijoista innostuisi politiikasta ja p\u00e4\u00e4tt\u00e4isi pyrki\u00e4 suoraan huipulle? Markku Aalto kertoo kirjanjulkistushaastattelussa romaanistaan Siipimies. My\u00f6s kirjailija ja kustantaja n\u00e4kev\u00e4t n\u00e4kev\u00e4t painetun kirjan t\u00e4ss\u00e4 tilaisuudessa ensimm\u00e4isen kerran.<br>\u2022 Kirjakorttelin molemmat museot, Pukstaavi ja Sastamalan seudun museo, ovat avoinna kello 21 saakka.<\/p>\n\n\n\n<p><em>Warelian uutuuskirjap\u00f6yt\u00e4 Pukstaavin tapahtumasalissa kello 18\u201321<\/em>.<\/p>\n\n\n\n<p><strong>TAPAHTUU HERRA HAKKARAISEN TALOSSA:<\/strong><\/p>\n\n\n\n<p>\u2022 17.00\u201321.00: Aikuisten ajelut Hurjan hauskalla autopihalla. Nyt on vihdoinkin aikuisten vuoro p\u00e4\u00e4st\u00e4 nauttimaan polkuautoilusta!<br>\u2022 18.30\u201321.00: Opastukset aikuisille Kunnas-faneille, opastuskierroksen kesto noin 25 minuuttia. Kierrokset alkavat klo 18.30, kello 19.30 ja kello 20.30.<\/p>\n\n\n\n<p><strong>TAPAHTUU TYRV\u00c4\u00c4N PRYKISS\u00c4:<\/strong><\/p>\n\n\n\n<p>\u2022 18.00\u201321.00: P\u00e4ivyst\u00e4v\u00e4 kalligrafi Anja Lehtinen kirjoittaa maksutta p\u00e4iv\u00e4yksi\u00e4, omisteita ja somisteita tapahtuman aikaan Kirjakorttelista hankittuihin kirjoihin. Voit kokeilla itsekin kirjoittamista eri v\u00e4lineill\u00e4, joko tasater\u00e4ll\u00e4 tai hiuster\u00e4ll\u00e4. Tule tutustumaan kalligrafian mahdollisuuksiin!<br>\u2022 21.30\u201301.30: Kirjailijoiden signeeraustunteja ja todella pimeet\u00e4 kirjallisuuskeskustelua:<\/p>\n\n\n\n<blockquote class=\"wp-block-quote\"><p><span class=\"has-inline-color has-black-color\">21.30\u201322.30 Armi Hohko ja Vesa Vares<\/span><\/p><p><span class=\"has-inline-color has-black-color\">22.30\u201323.30 Antti Poikelus ja Jarmo Teinil\u00e4<\/span><\/p><p><span class=\"has-inline-color has-black-color\">23.30\u201301.30 Markku Aalto, Kirsimarja Jalonen ja Artemis Kelosaari<\/span><\/p><\/blockquote>\n\n\n\n<p><em>Epic Erminen kirjap\u00f6yt\u00e4 Tyrv\u00e4\u00e4n Prykiss\u00e4 kello 15\u201318<\/em>.<\/p>\n\n\n\n<p><strong>TAPAHTUU PUKSTAAVIN PUISTOSSA:<\/strong><\/p>\n\n\n\n<p>18.00\u201321.00 puistokonsertti \u2013 parhaat kuuntelupaikat puistoalueen lis\u00e4ksi Funkkistalon terassilla!<\/p>\n\n\n\n<p>\u2022 18.00\u201318.45: PAHAUNi<br>\u2022 19.00\u201319.55: Iisakki Toimela<br>\u2022 20.15\u201321.00: PAHAUNi<\/p>\n\n\n\n<p>Kello 21:n j\u00e4lkeen viralliset jatkot Rautaveden rannassa Bistro Laiturilla!<\/p>\n\n\n\n<p><\/p>\n\n\n\n<p><em>(Muutokset mahdollisia. Oikeus muutoksiin pid\u00e4tet\u00e4\u00e4n.)<\/em><\/p>\n\n\n\n<p><em>J\u00e4rjest\u00e4j\u00e4: Kirjakorttelin Y\u00f6 ry yhteisty\u00f6kumppaneineen.<\/em><\/p>\n\n\n\n<figure class=\"wp-block-image size-large\"><img loading=\"lazy\" width=\"1024\" height=\"361\" src=\"https:\/\/warelia.fi\/wp-content\/uploads\/2024\/07\/Kirjakorttelin-Yo-Kuvaaja-Esa-Ijas-pieni-1024x361.jpg\" alt=\"\" class=\"wp-image-820\" srcset=\"https:\/\/warelia.fi\/wp-content\/uploads\/2024\/07\/Kirjakorttelin-Yo-Kuvaaja-Esa-Ijas-pieni-1024x361.jpg 1024w, https:\/\/warelia.fi\/wp-content\/uploads\/2024\/07\/Kirjakorttelin-Yo-Kuvaaja-Esa-Ijas-pieni-300x106.jpg 300w, https:\/\/warelia.fi\/wp-content\/uploads\/2024\/07\/Kirjakorttelin-Yo-Kuvaaja-Esa-Ijas-pieni-768x271.jpg 768w, https:\/\/warelia.fi\/wp-content\/uploads\/2024\/07\/Kirjakorttelin-Yo-Kuvaaja-Esa-Ijas-pieni-1536x542.jpg 1536w, https:\/\/warelia.fi\/wp-content\/uploads\/2024\/07\/Kirjakorttelin-Yo-Kuvaaja-Esa-Ijas-pieni-2048x722.jpg 2048w\" sizes=\"(max-width: 1024px) 100vw, 1024px\" \/><\/figure>\n\n\n\n<p><em>Kuvassa Warelian kes\u00e4kirjakauppa Kirjakorttelin pohjoisp\u00e4\u00e4ss\u00e4. Kuva on otettu puoleny\u00f6n aikaan kes\u00e4kuussa 2020. Valokuvaaja Esa Ij\u00e4s.<\/em><\/p>\n","protected":false},"excerpt":{"rendered":"<p>Kirjakorttelin Y\u00f6n kirjallinen ohjelma alkaa perjantaina 9.8. kello 15 Tyrv\u00e4\u00e4n Kirjakaupassa ja p\u00e4\u00e4ttyy lauantaina 10.8. pikkutunneilla Warelian kes\u00e4kirjakaupassa Tyrv\u00e4\u00e4n Prykiss\u00e4. Alla ohjelma tapahtumapaikoittain: TAPAHTUU TYRV\u00c4\u00c4N KIRJAKAUPASSA: \u2022 15.00\u201315.25 (Kirjakellari): Matti Kuusela kertoo Tyrv\u00e4\u00e4n Kirjakaupan Kirjakellarissa siell\u00e4 tekemist\u00e4\u00e4n kirjal\u00f6yd\u00f6ist\u00e4, jututtajana Marko Vesterbacka. Huom: osallistujam\u00e4\u00e4r\u00e4 Kirjakellarin sokkeloisuuden takia enint\u00e4\u00e4n 25 henke\u00e4 \u2013&#8230;<\/p>\n","protected":false},"author":1,"featured_media":0,"comment_status":"open","ping_status":"open","sticky":false,"template":"","format":"standard","meta":[],"categories":[1],"tags":[],"_links":{"self":[{"href":"https:\/\/warelia.fi\/index.php\/wp-json\/wp\/v2\/posts\/819"}],"collection":[{"href":"https:\/\/warelia.fi\/index.php\/wp-json\/wp\/v2\/posts"}],"about":[{"href":"https:\/\/warelia.fi\/index.php\/wp-json\/wp\/v2\/types\/post"}],"author":[{"embeddable":true,"href":"https:\/\/warelia.fi\/index.php\/wp-json\/wp\/v2\/users\/1"}],"replies":[{"embeddable":true,"href":"https:\/\/warelia.fi\/index.php\/wp-json\/wp\/v2\/comments?post=819"}],"version-history":[{"count":6,"href":"https:\/\/warelia.fi\/index.php\/wp-json\/wp\/v2\/posts\/819\/revisions"}],"predecessor-version":[{"id":829,"href":"https:\/\/warelia.fi\/index.php\/wp-json\/wp\/v2\/posts\/819\/revisions\/829"}],"wp:attachment":[{"href":"https:\/\/warelia.fi\/index.php\/wp-json\/wp\/v2\/media?parent=819"}],"wp:term":[{"taxonomy":"category","embeddable":true,"href":"https:\/\/warelia.fi\/index.php\/wp-json\/wp\/v2\/categories?post=819"},{"taxonomy":"post_tag","embeddable":true,"href":"https:\/\/warelia.fi\/index.php\/wp-json\/wp\/v2\/tags?post=819"}],"curies":[{"name":"wp","href":"https:\/\/api.w.org\/{rel}","templated":true}]}}